{"id":3071,"date":"2017-05-11T15:30:18","date_gmt":"2017-05-11T14:30:18","guid":{"rendered":"http:\/\/www.cdlpv.org\/dtl\/?p=3071"},"modified":"2017-05-11T12:27:38","modified_gmt":"2017-05-11T11:27:38","slug":"la-carta-europea-incomplida-en-la-justicia","status":"publish","type":"post","link":"https:\/\/www.cdlpv.org\/dtl\/2017\/05\/11\/la-carta-europea-incomplida-en-la-justicia\/","title":{"rendered":"La carta europea incomplida en la just\u00edcia"},"content":{"rendered":"<p>Laura Abell\u00f3 i Figueras fa un petit rep\u00e0s en el bloc de la <em>Revista de Llengua i Dret<\/em> (<a href=\"https:\/\/eapc-rld.blog.gencat.cat\/2017\/05\/04\/vint-i-cinc-anys-dincompliment-de-la-carta-europea-de-les-llengues-regionals-o-minoritaries-celrm-per-part-de-lestat-espanyol-en-lambit-judicial-laura-abello\/?ct=tRSS_EMAIL_CAMPAIGN\" target=\"_blank\">04.05.2017<\/a>) als incompliments estatals, al cap de vint-i-cinc anys, de la Carta europea de les lleng\u00fces regionals o minorit\u00e0ries:<\/p>\n<blockquote>\n<h2>Vint-i-cinc anys d\u2019incompliment de la Carta europea de les lleng\u00fces regionals o minorit\u00e0ries (CELRM) per part de l\u2019Estat espanyol en l\u2019\u00e0mbit judicial<\/h2>\n<p>Aquest any 2017 es compleixen vint-i-cinc anys des que el Consell d\u2019Europa va elaborar l\u2019\u00fanic tractat internacional vinculant centrat en la protecci\u00f3 de les lleng\u00fces regionals o minorit\u00e0ries, la Carta europea de les lleng\u00fces regionals o minorit\u00e0ries (CELRM). Aquest acord entr\u00e0 en vigor el 1998 i va ser ratificat inicialment per 5 estats membres, entre ells l\u2019Estat espanyol. Encara que el va signar l\u2019any 1992, no es ratific\u00e0 ni entr\u00e0 en vigor fins el 2001 i, malgrat el temps transcorregut, les disposicions en mat\u00e8ria de just\u00edcia i en d\u2019altres sectors no han estat acomplertes del tot.\n<\/p><\/blockquote>\n<p>Davant dels incompliments, els contrasentits o la inactuaci\u00f3 dels governs espanyols, veu encara possible un cam\u00ed:<\/p>\n<blockquote><p>Una possible escletxa que cal explorar encara \u00e9s la den\u00fancia en el si dels tribunals, tot i que no ho prevegi la Carta, i davant el Tribunal Europeu de Drets Humans, i dels atacs continuats que creen situacions de discriminaci\u00f3 envers l\u2019\u00fas de la llengua catalana.<\/p><\/blockquote>\n","protected":false},"excerpt":{"rendered":"<p>Laura Abell\u00f3 i Figueras fa un petit rep\u00e0s en el bloc de la Revista de Llengua i Dret (04.05.2017) als incompliments estatals, al cap de vint-i-cinc anys, de la Carta europea de les lleng\u00fces regionals o minorit\u00e0ries: Vint-i-cinc anys d\u2019incompliment de la Carta europea de les lleng\u00fces regionals o minorit\u00e0ries (CELRM) per part de l\u2019Estat [&hellip;]<\/p>\n","protected":false},"author":56,"featured_media":0,"comment_status":"open","ping_status":"open","sticky":false,"template":"","format":"standard","meta":{"footnotes":""},"categories":[4,19,35],"tags":[263],"class_list":["post-3071","post","type-post","status-publish","format-standard","hentry","category-dret","category-politica","category-unio-europea","tag-justicia-espanyola"],"_links":{"self":[{"href":"https:\/\/www.cdlpv.org\/dtl\/wp-json\/wp\/v2\/posts\/3071","targetHints":{"allow":["GET"]}}],"collection":[{"href":"https:\/\/www.cdlpv.org\/dtl\/wp-json\/wp\/v2\/posts"}],"about":[{"href":"https:\/\/www.cdlpv.org\/dtl\/wp-json\/wp\/v2\/types\/post"}],"author":[{"embeddable":true,"href":"https:\/\/www.cdlpv.org\/dtl\/wp-json\/wp\/v2\/users\/56"}],"replies":[{"embeddable":true,"href":"https:\/\/www.cdlpv.org\/dtl\/wp-json\/wp\/v2\/comments?post=3071"}],"version-history":[{"count":3,"href":"https:\/\/www.cdlpv.org\/dtl\/wp-json\/wp\/v2\/posts\/3071\/revisions"}],"predecessor-version":[{"id":3074,"href":"https:\/\/www.cdlpv.org\/dtl\/wp-json\/wp\/v2\/posts\/3071\/revisions\/3074"}],"wp:attachment":[{"href":"https:\/\/www.cdlpv.org\/dtl\/wp-json\/wp\/v2\/media?parent=3071"}],"wp:term":[{"taxonomy":"category","embeddable":true,"href":"https:\/\/www.cdlpv.org\/dtl\/wp-json\/wp\/v2\/categories?post=3071"},{"taxonomy":"post_tag","embeddable":true,"href":"https:\/\/www.cdlpv.org\/dtl\/wp-json\/wp\/v2\/tags?post=3071"}],"curies":[{"name":"wp","href":"https:\/\/api.w.org\/{rel}","templated":true}]}}