{"id":307,"date":"2008-02-10T13:42:00","date_gmt":"2008-02-10T12:42:00","guid":{"rendered":"http:\/\/www.cdlpv.org\/dtl\/?p=307"},"modified":"2008-02-10T13:42:00","modified_gmt":"2008-02-10T12:42:00","slug":"la-generalitat-valenciana-interferix-el-mercat-linguistic","status":"publish","type":"post","link":"https:\/\/www.cdlpv.org\/dtl\/2008\/02\/10\/la-generalitat-valenciana-interferix-el-mercat-linguistic\/","title":{"rendered":"La Generalitat valenciana interferix en el mercat ling\u00fc\u00edstic"},"content":{"rendered":"<p>La Generalitat valenciana actual dirigida pel Partit Popular persistix en el seu intent de retallada dels drets dels ciutadans valencians. Segons titula <em>Vilaweb<\/em> <a href=\"http:\/\/www.vilaweb.cat\/www\/noticia?p_idcmp=2733010&#038;p_edi=General\" target=\"_blank\">(09.02.2008)<\/a>:<\/p>\n<blockquote>\n<h2>La Generalitat d\u00f3na deu dies per tancar els repetidors de TV3 de Perenxisa, Alginet i la Llosa de Ranes<\/h2>\n<\/blockquote>\n<p>La Generalitat valenciana continua sense moure&#8217;s per l&#8217;\u00e0nim de protegir o d&#8217;ampliar els drets dels valencians. Cal recordar que tot va comen\u00e7ar fa anys amb l&#8217;intent socialista d&#8217;impedir eixes mateixes emissions (fou amb el ministre Barrionuevo), va continuar amb la interfer\u00e8ncia del senyal de <span class=\"versaleta\">tv3<\/span> quan feien futbol (governant Zaplana) i la concessi\u00f3 de canals anal\u00f2gics i digitals de televisi\u00f3 a empreses amigues dels dirigents del Partit Popular, que podem observar que no programen res en valenci\u00e0, per\u00f2 que pretenen ser els garants exclusius i excloents de les ess\u00e8ncies i de les senyes d&#8217;identitat valencianes. En canvi, descuiden i fins i tot perseguixen els drets i les oportunitats dels ciutadans valencians que no combreguen amb ells ideol\u00f2gicament en qualsevol \u00e0mbit.<\/p>\n<p>Parlant, doncs, d&#8217;oportunitats osbtru\u00efdes per l&#8217;administraci\u00f3 valenciana, tenim el flagrant exemple de la Generalitat valenciana, que carrega els t\u00e8cnics propis &mdash;i que s\u00f3n treballadors p\u00fablics&mdash; amb faenes de gesti\u00f3 ling\u00fc\u00edstica derivades de concessions i contractes amb empreses privades. \u00c9s a dir, la Generalitat no tan sols no exigix que les empreses privades que gestionen serveis i obres p\u00fablics estiguen capacitades per a fer-ho en valenci\u00e0, sin\u00f3 que desvia eixa gesti\u00f3 imprescindible als propis t\u00e8cnics ling\u00fc\u00edstics de l&#8217;administraci\u00f3, que es veuen, per tant, sent funcionaris p\u00fablics i treballant per al lucre privat. Per posar un exemple, talment com si les empreses privades que constru\u00efxen instituts, centres sanitaris i obres p\u00fabliques en general, no tingueren treballadors &mdash;nom\u00e9s compte bancari, aix\u00f2 s\u00ed&mdash;, at\u00e9s que la faena la farien els funcionaris de la Generalitat valenciana.<\/p>\n<p>Eixa perversi\u00f3 del sistema t\u00e9 una conseq\u00fc\u00e8ncia evident en el mercat ling\u00fc\u00edstic valenci\u00e0: la gesti\u00f3 ling\u00fc\u00edstica no es desenvolupa en el sector privat amb normalitat, ja que les empreses que aconseguixen concessions o contractes amb l&#8217;administraci\u00f3 &mdash;empreses que han de complir diversos requisits per a poder efectuar eixa gesti\u00f3&mdash; no tenen cap requisit de qualitat ling\u00fc\u00edstica i, per tant, no han de preocupar-se de gestionar eixa part de la seua activitat, no han de contractar t\u00e8cnics ling\u00fc\u00edstics ni persones suficientment alfabetitzades en valenci\u00e0. I aix\u00f2 fa que el valenci\u00e0 siga in\u00fatil per a l&#8217;acc\u00e9s a una part molt important del mercat de treball.<\/p>\n<p>Una clara aposta, doncs, per la desprotecci\u00f3 dels drets ling\u00fc\u00edstics dels ciutadans. M\u00e9s encara, una utilitzaci\u00f3 de mitjans p\u00fablics per a interessos privats i una pol\u00edtica ling\u00fc\u00edstica de subordinaci\u00f3 i devaluaci\u00f3 constant del valenci\u00e0 i dels drets dels ciutadans catalanoparlants del Pa\u00eds Valenci\u00e0.<\/p>\n","protected":false},"excerpt":{"rendered":"<p>La Generalitat valenciana actual dirigida pel Partit Popular persistix en el seu intent de retallada dels drets dels ciutadans valencians. Segons titula Vilaweb (09.02.2008): La Generalitat d\u00f3na deu dies per tancar els repetidors de TV3 de Perenxisa, Alginet i la Llosa de Ranes La Generalitat valenciana continua sense moure&#8217;s per l&#8217;\u00e0nim de protegir o d&#8217;ampliar [&hellip;]<\/p>\n","protected":false},"author":2,"featured_media":0,"comment_status":"open","ping_status":"open","sticky":false,"template":"","format":"standard","meta":{"footnotes":""},"categories":[7,10,1,15,47,24,27,34],"tags":[100,116,308,332,451,487],"class_list":["post-307","post","type-post","status-publish","format-standard","hentry","category-empreses","category-formacio","category-general","category-laboral","category-planificacio","category-requisit-linguistic","category-sociolinguistica","category-tv3","tag-censura","tag-construccio","tag-mercat","tag-obres-publiques","tag-subordinacio","tag-tv3"],"_links":{"self":[{"href":"https:\/\/www.cdlpv.org\/dtl\/wp-json\/wp\/v2\/posts\/307","targetHints":{"allow":["GET"]}}],"collection":[{"href":"https:\/\/www.cdlpv.org\/dtl\/wp-json\/wp\/v2\/posts"}],"about":[{"href":"https:\/\/www.cdlpv.org\/dtl\/wp-json\/wp\/v2\/types\/post"}],"author":[{"embeddable":true,"href":"https:\/\/www.cdlpv.org\/dtl\/wp-json\/wp\/v2\/users\/2"}],"replies":[{"embeddable":true,"href":"https:\/\/www.cdlpv.org\/dtl\/wp-json\/wp\/v2\/comments?post=307"}],"version-history":[{"count":0,"href":"https:\/\/www.cdlpv.org\/dtl\/wp-json\/wp\/v2\/posts\/307\/revisions"}],"wp:attachment":[{"href":"https:\/\/www.cdlpv.org\/dtl\/wp-json\/wp\/v2\/media?parent=307"}],"wp:term":[{"taxonomy":"category","embeddable":true,"href":"https:\/\/www.cdlpv.org\/dtl\/wp-json\/wp\/v2\/categories?post=307"},{"taxonomy":"post_tag","embeddable":true,"href":"https:\/\/www.cdlpv.org\/dtl\/wp-json\/wp\/v2\/tags?post=307"}],"curies":[{"name":"wp","href":"https:\/\/api.w.org\/{rel}","templated":true}]}}