{"id":3068,"date":"2017-05-06T19:36:22","date_gmt":"2017-05-06T18:36:22","guid":{"rendered":"http:\/\/www.cdlpv.org\/dtl\/?p=3068"},"modified":"2017-05-06T19:36:22","modified_gmt":"2017-05-06T18:36:22","slug":"josep-lacreu-convertix-el-seu-bloc-en-un-llibre","status":"publish","type":"post","link":"https:\/\/www.cdlpv.org\/dtl\/2017\/05\/06\/josep-lacreu-convertix-el-seu-bloc-en-un-llibre\/","title":{"rendered":"Josep Lacreu convertix el seu bloc en un llibre"},"content":{"rendered":"<p>Davant la pr\u00f2xima aparici\u00f3 del seu llibre <em>Pren la paraula<\/em>, Josep Lacreu Cuesta comenta com veu l&#8217;evoluci\u00f3 del coneiximent i l&#8217;\u00fas del valenci\u00e0 en una entrevista al diari <em>Levante<\/em> (<a href=\"http:\/\/www.levante-emv.com\/cultura\/panorama\/2017\/05\/06\/josep-lacreu-idea-parlem-malament\/1563062.html\" target=\"_blank\" rel=\"noopener noreferrer\">06.05.2017<\/a>).<\/p>\n<p>L&#8217;activitat actual de l&#8217;<span class=\"versaleta\">iec<\/span> i l&#8217;<span class=\"versaleta\">avl<\/span> confirmen algunes de les paraules del cap de la Unitat de Recursos Ling\u00fcisticot\u00e8cnics de l&#8217;acad\u00e8mia:<\/p>\n<blockquote><p>En les gram\u00e0tiques de l&#8217;Acad\u00e8mia Valenciana de la Llengua, i en moltes altres, no apareixen mai els qualificatius de \u00abcorrecte\u00bb i \u00abincorrecte\u00bb. Des de fa molt de temps, en l&#8217;\u00e0mbit educatiu la dicotomia \u00abcorrecte\u00bb\/\u00abincorrecte\u00bb s&#8217;ha substitu\u00eft per \u00abadequat\u00bb\/\u00abinadequat\u00bb. All\u00f2 que \u00e9s inadequat en un \u00e0mbit formal pot ser totalment adequat en un registre poc formal, i al rev\u00e9s. Cal buscar les paraules m\u00e9s id\u00f2nies per a cada context. No sempre \u00e9s f\u00e0cil dirimir qu\u00e8 \u00e9s apropiat per a cada \u00e0mbit; per\u00f2 com a filosofia del llenguatge \u00e9s un plantejament integrador i respectu\u00f3s de la variaci\u00f3 ling\u00fc\u00edstica.<\/p><\/blockquote>\n<p>Tot i que tamb\u00e9 pareix que eixes institucions es dediquen a posar en dubte algunes coses tan b\u00e0siques com les que comenta Lacreu en un altre moment:<\/p>\n<blockquote><p>Els parlants necessiten un conjunt de normes que regulen l&#8217;expressi\u00f3 culta de l&#8217;idioma i, alhora, la normativa ling\u00fc\u00edstica ha d&#8217;ajustar-se a les necessitats dels parlants per a poder complir satisfact\u00f2riament la seua funci\u00f3. Cal diferenciar tamb\u00e9 diversos nivells de regulaci\u00f3 de la llengua. Una cosa \u00e9s l&#8217;ortografia, on la norma ha de ser clara i taxativa, i una altra, posem per cas, l&#8217;ortologia. Una paraula pot tindre diverses pronunciacions acceptables. El l\u00e8xic \u00e9s tamb\u00e9 una part de la llengua que ha de tractar-se amb molta flexibilitat. Els diccionaris incorporen noves paraules constantment; no es pot considerar que tot el que no est\u00e0 en els diccionaris est\u00e0 mal dit.<\/p><\/blockquote>\n","protected":false},"excerpt":{"rendered":"<p>Davant la pr\u00f2xima aparici\u00f3 del seu llibre Pren la paraula, Josep Lacreu Cuesta comenta com veu l&#8217;evoluci\u00f3 del coneiximent i l&#8217;\u00fas del valenci\u00e0 en una entrevista al diari Levante (06.05.2017). L&#8217;activitat actual de l&#8217;iec i l&#8217;avl confirmen algunes de les paraules del cap de la Unitat de Recursos Ling\u00fcisticot\u00e8cnics de l&#8217;acad\u00e8mia: En les gram\u00e0tiques de [&hellip;]<\/p>\n","protected":false},"author":56,"featured_media":0,"comment_status":"open","ping_status":"open","sticky":false,"template":"","format":"standard","meta":{"footnotes":""},"categories":[2,5,17,22,27],"tags":[70,291],"class_list":["post-3068","post","type-post","status-publish","format-standard","hentry","category-comunicacio","category-edicio","category-normativa","category-recerca","category-sociolinguistica","tag-avl","tag-llibres"],"_links":{"self":[{"href":"https:\/\/www.cdlpv.org\/dtl\/wp-json\/wp\/v2\/posts\/3068","targetHints":{"allow":["GET"]}}],"collection":[{"href":"https:\/\/www.cdlpv.org\/dtl\/wp-json\/wp\/v2\/posts"}],"about":[{"href":"https:\/\/www.cdlpv.org\/dtl\/wp-json\/wp\/v2\/types\/post"}],"author":[{"embeddable":true,"href":"https:\/\/www.cdlpv.org\/dtl\/wp-json\/wp\/v2\/users\/56"}],"replies":[{"embeddable":true,"href":"https:\/\/www.cdlpv.org\/dtl\/wp-json\/wp\/v2\/comments?post=3068"}],"version-history":[{"count":1,"href":"https:\/\/www.cdlpv.org\/dtl\/wp-json\/wp\/v2\/posts\/3068\/revisions"}],"predecessor-version":[{"id":3069,"href":"https:\/\/www.cdlpv.org\/dtl\/wp-json\/wp\/v2\/posts\/3068\/revisions\/3069"}],"wp:attachment":[{"href":"https:\/\/www.cdlpv.org\/dtl\/wp-json\/wp\/v2\/media?parent=3068"}],"wp:term":[{"taxonomy":"category","embeddable":true,"href":"https:\/\/www.cdlpv.org\/dtl\/wp-json\/wp\/v2\/categories?post=3068"},{"taxonomy":"post_tag","embeddable":true,"href":"https:\/\/www.cdlpv.org\/dtl\/wp-json\/wp\/v2\/tags?post=3068"}],"curies":[{"name":"wp","href":"https:\/\/api.w.org\/{rel}","templated":true}]}}