{"id":3064,"date":"2017-04-30T11:43:43","date_gmt":"2017-04-30T10:43:43","guid":{"rendered":"http:\/\/www.cdlpv.org\/dtl\/?p=3064"},"modified":"2017-04-30T11:43:43","modified_gmt":"2017-04-30T10:43:43","slug":"la-llengua-de-la-nova-televisio-publica-valenciana","status":"publish","type":"post","link":"https:\/\/www.cdlpv.org\/dtl\/2017\/04\/30\/la-llengua-de-la-nova-televisio-publica-valenciana\/","title":{"rendered":"La llengua de la nova televisi\u00f3 p\u00fablica valenciana"},"content":{"rendered":"<p>Diversos departaments universitaris i institucions han programat per al 19 de maig una jornada sobre models ling\u00fc\u00edstics de la comunicaci\u00f3 audiovisual relacionada amb la llengua de la futura televisi\u00f3 p\u00fablica valenciana, jornada que tindr\u00e0 lloc a la sala Enric Valor de la Facultat de Filologia, Traducci\u00f3 i Comunicaci\u00f3 de la Universitat de Val\u00e8ncia. Segons el <a href=\"http:\/\/www.cdlpv.org\/dtl\/wp-content\/uploads\/2017\/04\/Programa-llengua-futura-rtvv.pdf\" target=\"_blank\" rel=\"noopener noreferrer\">fullet informatiu<\/a>:<\/p>\n<blockquote><p>Aquesta jornada t\u00e9 l&#8217;objectiu d&#8217;analitzar models de llengua per als mitjans de comunicaci\u00f3 audiovisual i reflexionar-hi davant de la represa de les emissions de la Corporaci\u00f3 Valenciana de Mitjans de Comunicaci\u00f3.<\/p><\/blockquote>\n<p>Inscripci\u00f3 per correu electr\u00f2nic: <a href=\"mailto:inmaculada.carrasquer@uv.es\" target=\"_blank\" rel=\"noopener noreferrer\">inmaculada.carrasquer@uv.es<\/a><\/p>\n<p>Termini d&#8217;inscripci\u00f3 obert fins a les 10:00 del 18 de maig del 2017.<\/p>\n<p>M\u00e9s dades: <a href=\"http:\/\/www.cdlpv.org\/dtl\/wp-content\/uploads\/2017\/04\/Programa-llengua-futura-rtvv.pdf\" target=\"_blank\" rel=\"noopener noreferrer\">fullet informatiu<\/a>.<\/p>\n","protected":false},"excerpt":{"rendered":"<p>Diversos departaments universitaris i institucions han programat per al 19 de maig una jornada sobre models ling\u00fc\u00edstics de la comunicaci\u00f3 audiovisual relacionada amb la llengua de la futura televisi\u00f3 p\u00fablica valenciana, jornada que tindr\u00e0 lloc a la sala Enric Valor de la Facultat de Filologia, Traducci\u00f3 i Comunicaci\u00f3 de la Universitat de Val\u00e8ncia. Segons el [&hellip;]<\/p>\n","protected":false},"author":56,"featured_media":0,"comment_status":"open","ping_status":"open","sticky":false,"template":"","format":"standard","meta":{"footnotes":""},"categories":[2,10,27],"tags":[258,465],"class_list":["post-3064","post","type-post","status-publish","format-standard","hentry","category-comunicacio","category-formacio","category-sociolinguistica","tag-jornades","tag-televisio"],"_links":{"self":[{"href":"https:\/\/www.cdlpv.org\/dtl\/wp-json\/wp\/v2\/posts\/3064","targetHints":{"allow":["GET"]}}],"collection":[{"href":"https:\/\/www.cdlpv.org\/dtl\/wp-json\/wp\/v2\/posts"}],"about":[{"href":"https:\/\/www.cdlpv.org\/dtl\/wp-json\/wp\/v2\/types\/post"}],"author":[{"embeddable":true,"href":"https:\/\/www.cdlpv.org\/dtl\/wp-json\/wp\/v2\/users\/56"}],"replies":[{"embeddable":true,"href":"https:\/\/www.cdlpv.org\/dtl\/wp-json\/wp\/v2\/comments?post=3064"}],"version-history":[{"count":1,"href":"https:\/\/www.cdlpv.org\/dtl\/wp-json\/wp\/v2\/posts\/3064\/revisions"}],"predecessor-version":[{"id":3067,"href":"https:\/\/www.cdlpv.org\/dtl\/wp-json\/wp\/v2\/posts\/3064\/revisions\/3067"}],"wp:attachment":[{"href":"https:\/\/www.cdlpv.org\/dtl\/wp-json\/wp\/v2\/media?parent=3064"}],"wp:term":[{"taxonomy":"category","embeddable":true,"href":"https:\/\/www.cdlpv.org\/dtl\/wp-json\/wp\/v2\/categories?post=3064"},{"taxonomy":"post_tag","embeddable":true,"href":"https:\/\/www.cdlpv.org\/dtl\/wp-json\/wp\/v2\/tags?post=3064"}],"curies":[{"name":"wp","href":"https:\/\/api.w.org\/{rel}","templated":true}]}}