{"id":3060,"date":"2017-04-25T16:00:31","date_gmt":"2017-04-25T15:00:31","guid":{"rendered":"http:\/\/www.cdlpv.org\/dtl\/?p=3060"},"modified":"2017-04-25T08:17:03","modified_gmt":"2017-04-25T07:17:03","slug":"una-pinzellada-sobre-lus-del-valencia","status":"publish","type":"post","link":"https:\/\/www.cdlpv.org\/dtl\/2017\/04\/25\/una-pinzellada-sobre-lus-del-valencia\/","title":{"rendered":"Una pinzellada sobre l&#8217;\u00fas del valenci\u00e0"},"content":{"rendered":"<p>El bloc de la <em>Revista de Llengua i Dret<\/em> \u00e9s un espai que els permet oferir pinzellades \u00e0gils i acostades a l&#8217;activitat quotidiana, com ara l&#8217;article de Ferran Bargues Estell\u00e9s \u00abL\u2019\u00fas del valenci\u00e0 en l\u2019Administraci\u00f3 de la Generalitat Valenciana\u00bb (<em>RLD<\/em>, <a href=\"https:\/\/eapc-rld.blog.gencat.cat\/2017\/03\/23\/lus-del-valencia-en-ladministracio-de-la-generalitat-valenciana-ferran-bargues-estelles\/\" target=\"_blank\" rel=\"noopener noreferrer\">23.03.2017<\/a>). L&#8217;autor es centra en dos aspectes:<\/p>\n<blockquote><p>El primer \u00e9s el que fa refer\u00e8ncia a la necessitat de traduir les comunicacions o els documents quan hagen de produir efecte fora de la Comunitat Valenciana. [&#8230;]\n<p>El segon aspecte que ha encetat titulars en la premsa valenciana \u00e9s el que fa refer\u00e8ncia a les intervencions p\u00fabliques de les autoritats i els c\u00e0rrecs de l\u2019Administraci\u00f3 de la Generalitat que quan ho \u00abfacen per ra\u00f3 del c\u00e0rrec ho faran en valenci\u00e0\u00bb (article 27).<\/p><\/blockquote>\n<p>Dos q\u00fcestions que pareix que ja haurien d&#8217;estar m\u00e9s que resoltes fa anys, almenys\u00a0en un estat democr\u00e0tic pluriling\u00fce modern. Lamentablement,\u00a0encara s\u00f3n objecte de disquisicions i <em>reflexions<\/em> m\u00e9s o menys agosarades i, massa sovint, m\u00e9s atentes a formalismes oportunistes que a resoldre la gesti\u00f3 ling\u00fc\u00edstica de manera l\u00f2gica, eficient\u00a0i justa.<\/p>\n","protected":false},"excerpt":{"rendered":"<p>El bloc de la Revista de Llengua i Dret \u00e9s un espai que els permet oferir pinzellades \u00e0gils i acostades a l&#8217;activitat quotidiana, com ara l&#8217;article de Ferran Bargues Estell\u00e9s \u00abL\u2019\u00fas del valenci\u00e0 en l\u2019Administraci\u00f3 de la Generalitat Valenciana\u00bb (RLD, 23.03.2017). L&#8217;autor es centra en dos aspectes: El primer \u00e9s el que fa refer\u00e8ncia a [&hellip;]<\/p>\n","protected":false},"author":56,"featured_media":0,"comment_status":"open","ping_status":"open","sticky":false,"template":"","format":"standard","meta":{"footnotes":""},"categories":[4,47,23],"tags":[64,282],"class_list":["post-3060","post","type-post","status-publish","format-standard","hentry","category-dret","category-planificacio","category-reglaments-linguistics","tag-articles","tag-llengua-i-dret"],"_links":{"self":[{"href":"https:\/\/www.cdlpv.org\/dtl\/wp-json\/wp\/v2\/posts\/3060","targetHints":{"allow":["GET"]}}],"collection":[{"href":"https:\/\/www.cdlpv.org\/dtl\/wp-json\/wp\/v2\/posts"}],"about":[{"href":"https:\/\/www.cdlpv.org\/dtl\/wp-json\/wp\/v2\/types\/post"}],"author":[{"embeddable":true,"href":"https:\/\/www.cdlpv.org\/dtl\/wp-json\/wp\/v2\/users\/56"}],"replies":[{"embeddable":true,"href":"https:\/\/www.cdlpv.org\/dtl\/wp-json\/wp\/v2\/comments?post=3060"}],"version-history":[{"count":1,"href":"https:\/\/www.cdlpv.org\/dtl\/wp-json\/wp\/v2\/posts\/3060\/revisions"}],"predecessor-version":[{"id":3061,"href":"https:\/\/www.cdlpv.org\/dtl\/wp-json\/wp\/v2\/posts\/3060\/revisions\/3061"}],"wp:attachment":[{"href":"https:\/\/www.cdlpv.org\/dtl\/wp-json\/wp\/v2\/media?parent=3060"}],"wp:term":[{"taxonomy":"category","embeddable":true,"href":"https:\/\/www.cdlpv.org\/dtl\/wp-json\/wp\/v2\/categories?post=3060"},{"taxonomy":"post_tag","embeddable":true,"href":"https:\/\/www.cdlpv.org\/dtl\/wp-json\/wp\/v2\/tags?post=3060"}],"curies":[{"name":"wp","href":"https:\/\/api.w.org\/{rel}","templated":true}]}}