{"id":306,"date":"2008-02-08T14:02:22","date_gmt":"2008-02-08T13:02:22","guid":{"rendered":"http:\/\/www.cdlpv.org\/dtl\/?p=306"},"modified":"2024-04-30T09:26:03","modified_gmt":"2024-04-30T07:26:03","slug":"butlleti-de-la-cdlpv-index-num-14","status":"publish","type":"post","link":"https:\/\/www.cdlpv.org\/dtl\/2008\/02\/08\/butlleti-de-la-cdlpv-index-num-14\/","title":{"rendered":"Butllet\u00ed de la CDLPV: \u00cdndex, n\u00fam. 14"},"content":{"rendered":"<p>Posem una mica al dia la secci\u00f3 del web Eines de Llengua <a href=\"http:\/\/www.einesdellengua.org\" target=\"_blank\" rel=\"noopener\"><i class=\"fas fa-external-link-alt\"><\/i><\/a> corresponent al butllet\u00ed <em>\u00cdndex<\/em>. <a href=\"https:\/\/www.einesdellengua.com\/Index\/indexsumari.htm\" target=\"_blank\" rel=\"noopener\"><i class=\"fas fa-external-link-alt\"><\/i><\/a> Hi hem afegit el sumari del n\u00famero 14:<\/p>\n<blockquote><p><strong>P\u00e0g. 2 | legislaci\u00f3:<\/strong> \u00abComparativa del tractament de la llengua en els estatuts d&#8217;autonomia dels Pa\u00efsos Catalans\u00bb (Gabriel Bibiloni)<br \/>\n<strong>P\u00e0g. 13 | dialectologia:<\/strong> \u00abAplicaci\u00f3 de t\u00e8cniques de socioestad\u00edstica avan\u00e7ada en l&#8217;an\u00e0lisi de dades dialectals: classificaci\u00f3 dels parlars locals de la Marina\u00bb (Joan-Carles Ortega i Berenguer)<br \/>\n<strong><a href=\"http:\/\/www.geocities.com\/Athens\/Oracle\/7229\/Index\/porcar\/entorn.htm\" target=\"_blank\" rel=\"noopener\">P\u00e0g. 21<\/a> | dialectologia:<\/strong> \u00abLocucions i modismes en el Dietari de Pere Joan Porcar\u00bb (Josep Lozano Lerma)<br \/>\n<strong>P\u00e0g. 32 | web:<\/strong> \u00abNovetats en el web Eines de Llengua\u00bb<br \/>\n<strong>P\u00e0g. 32 | terminologia:<\/strong> \u00abDades de diccionari\u00bb (Miquel Boronat Cogollos)<\/p><\/blockquote>\n","protected":false},"excerpt":{"rendered":"<p>Posem una mica al dia la secci\u00f3 del web Eines de Llengua corresponent al butllet\u00ed \u00cdndex. Hi hem afegit el sumari del n\u00famero 14: P\u00e0g. 2 | legislaci\u00f3: \u00abComparativa del tractament de la llengua en els estatuts d&#8217;autonomia dels Pa\u00efsos Catalans\u00bb (Gabriel Bibiloni) P\u00e0g. 13 | dialectologia: \u00abAplicaci\u00f3 de t\u00e8cniques de socioestad\u00edstica avan\u00e7ada en l&#8217;an\u00e0lisi [&hellip;]<\/p>\n","protected":false},"author":2,"featured_media":0,"comment_status":"open","ping_status":"open","sticky":false,"template":"","format":"standard","meta":{"footnotes":""},"categories":[2,4,6,1,27,30],"tags":[192,242,293,363,444],"class_list":["post-306","post","type-post","status-publish","format-standard","hentry","category-comunicacio","category-dret","category-eines-de-llengua","category-general","category-sociolinguistica","category-terminologia","tag-estatuts","tag-index","tag-lozano","tag-pere-joan-porcar","tag-socioestadistica"],"_links":{"self":[{"href":"https:\/\/www.cdlpv.org\/dtl\/wp-json\/wp\/v2\/posts\/306","targetHints":{"allow":["GET"]}}],"collection":[{"href":"https:\/\/www.cdlpv.org\/dtl\/wp-json\/wp\/v2\/posts"}],"about":[{"href":"https:\/\/www.cdlpv.org\/dtl\/wp-json\/wp\/v2\/types\/post"}],"author":[{"embeddable":true,"href":"https:\/\/www.cdlpv.org\/dtl\/wp-json\/wp\/v2\/users\/2"}],"replies":[{"embeddable":true,"href":"https:\/\/www.cdlpv.org\/dtl\/wp-json\/wp\/v2\/comments?post=306"}],"version-history":[{"count":2,"href":"https:\/\/www.cdlpv.org\/dtl\/wp-json\/wp\/v2\/posts\/306\/revisions"}],"predecessor-version":[{"id":4559,"href":"https:\/\/www.cdlpv.org\/dtl\/wp-json\/wp\/v2\/posts\/306\/revisions\/4559"}],"wp:attachment":[{"href":"https:\/\/www.cdlpv.org\/dtl\/wp-json\/wp\/v2\/media?parent=306"}],"wp:term":[{"taxonomy":"category","embeddable":true,"href":"https:\/\/www.cdlpv.org\/dtl\/wp-json\/wp\/v2\/categories?post=306"},{"taxonomy":"post_tag","embeddable":true,"href":"https:\/\/www.cdlpv.org\/dtl\/wp-json\/wp\/v2\/tags?post=306"}],"curies":[{"name":"wp","href":"https:\/\/api.w.org\/{rel}","templated":true}]}}