{"id":3055,"date":"2017-03-20T15:30:20","date_gmt":"2017-03-20T14:30:20","guid":{"rendered":"http:\/\/www.cdlpv.org\/dtl\/?p=3055"},"modified":"2017-03-20T13:10:26","modified_gmt":"2017-03-20T12:10:26","slug":"la-retolacio-en-cullera","status":"publish","type":"post","link":"https:\/\/www.cdlpv.org\/dtl\/2017\/03\/20\/la-retolacio-en-cullera\/","title":{"rendered":"La retolaci\u00f3 en Cullera"},"content":{"rendered":"<p><a href=\"http:\/\/www.cdlpv.org\/dtl\/wp-content\/uploads\/2017\/03\/Cullera-resposta-201612151-2.png\"><img loading=\"lazy\" decoding=\"async\" class=\"size-medium wp-image-3056 alignleft\" src=\"http:\/\/www.cdlpv.org\/dtl\/wp-content\/uploads\/2017\/03\/Cullera-resposta-201612151-2-300x286.png\" alt=\"\" width=\"300\" height=\"286\" srcset=\"https:\/\/www.cdlpv.org\/dtl\/wp-content\/uploads\/2017\/03\/Cullera-resposta-201612151-2-300x286.png 300w, https:\/\/www.cdlpv.org\/dtl\/wp-content\/uploads\/2017\/03\/Cullera-resposta-201612151-2-768x731.png 768w, https:\/\/www.cdlpv.org\/dtl\/wp-content\/uploads\/2017\/03\/Cullera-resposta-201612151-2-150x143.png 150w, https:\/\/www.cdlpv.org\/dtl\/wp-content\/uploads\/2017\/03\/Cullera-resposta-201612151-2-400x381.png 400w, https:\/\/www.cdlpv.org\/dtl\/wp-content\/uploads\/2017\/03\/Cullera-resposta-201612151-2.png 829w\" sizes=\"auto, (max-width: 300px) 100vw, 300px\" \/><\/a> En resposta a la queixa n\u00famero 201612151 feta davant el s\u00edndic de greuges, l&#8217;Ajuntament de Cullera diu que posar\u00e0 els cartells informatius que hi ha al seu terme tamb\u00e9 en valenci\u00e0. A m\u00e9s d&#8217;aix\u00f2, el s\u00edndic de greuges li ha demanat a l&#8217;ajuntament que \u2014dins de tres mesos\u2014 li envie un informe sobre les mesures que ha pres per a fer efectiva eixa previsi\u00f3. Caldr\u00e0 comprovar que l&#8217;ajuntament complix el seu prop\u00f2sit.<\/p>\n","protected":false},"excerpt":{"rendered":"<p>En resposta a la queixa n\u00famero 201612151 feta davant el s\u00edndic de greuges, l&#8217;Ajuntament de Cullera diu que posar\u00e0 els cartells informatius que hi ha al seu terme tamb\u00e9 en valenci\u00e0. A m\u00e9s d&#8217;aix\u00f2, el s\u00edndic de greuges li ha demanat a l&#8217;ajuntament que \u2014dins de tres mesos\u2014 li envie un informe sobre les mesures [&hellip;]<\/p>\n","protected":false},"author":56,"featured_media":0,"comment_status":"open","ping_status":"open","sticky":false,"template":"","format":"standard","meta":{"footnotes":""},"categories":[4,47,19,26,27],"tags":[395,440],"class_list":["post-3055","post","type-post","status-publish","format-standard","hentry","category-dret","category-planificacio","category-politica","category-serveis-linguistics","category-sociolinguistica","tag-queixes","tag-sindic-de-greuges"],"_links":{"self":[{"href":"https:\/\/www.cdlpv.org\/dtl\/wp-json\/wp\/v2\/posts\/3055","targetHints":{"allow":["GET"]}}],"collection":[{"href":"https:\/\/www.cdlpv.org\/dtl\/wp-json\/wp\/v2\/posts"}],"about":[{"href":"https:\/\/www.cdlpv.org\/dtl\/wp-json\/wp\/v2\/types\/post"}],"author":[{"embeddable":true,"href":"https:\/\/www.cdlpv.org\/dtl\/wp-json\/wp\/v2\/users\/56"}],"replies":[{"embeddable":true,"href":"https:\/\/www.cdlpv.org\/dtl\/wp-json\/wp\/v2\/comments?post=3055"}],"version-history":[{"count":2,"href":"https:\/\/www.cdlpv.org\/dtl\/wp-json\/wp\/v2\/posts\/3055\/revisions"}],"predecessor-version":[{"id":3058,"href":"https:\/\/www.cdlpv.org\/dtl\/wp-json\/wp\/v2\/posts\/3055\/revisions\/3058"}],"wp:attachment":[{"href":"https:\/\/www.cdlpv.org\/dtl\/wp-json\/wp\/v2\/media?parent=3055"}],"wp:term":[{"taxonomy":"category","embeddable":true,"href":"https:\/\/www.cdlpv.org\/dtl\/wp-json\/wp\/v2\/categories?post=3055"},{"taxonomy":"post_tag","embeddable":true,"href":"https:\/\/www.cdlpv.org\/dtl\/wp-json\/wp\/v2\/tags?post=3055"}],"curies":[{"name":"wp","href":"https:\/\/api.w.org\/{rel}","templated":true}]}}