{"id":305,"date":"2008-02-06T10:28:39","date_gmt":"2008-02-06T09:28:39","guid":{"rendered":"http:\/\/www.cdlpv.org\/dtl\/?p=305"},"modified":"2008-02-06T10:28:39","modified_gmt":"2008-02-06T09:28:39","slug":"ajudes-per-al-teatre-i-beques-de-lavl","status":"publish","type":"post","link":"https:\/\/www.cdlpv.org\/dtl\/2008\/02\/06\/ajudes-per-al-teatre-i-beques-de-lavl\/","title":{"rendered":"Ajudes per al teatre i beques de l&#8217;AVL"},"content":{"rendered":"<p>El <span class=\"versaleta\">cidaj<\/span> ens envia la informaci\u00f3 seg\u00fcent:<\/p>\n<blockquote>\n<ul>\n<li>ORDE de 16 de gener de 2008, de la Conselleria d&#8217;Educaci\u00f3, per la qual es convoquen ajudes econ\u00f2miques per a la promoci\u00f3 de l&#8217;\u00fas del valenci\u00e0 en les produccions teatrals a la Comunitat Valenciana per a 2008. [2008\/1030] (<span class=\"versaleta\"><em>docv<\/em><\/span> n\u00fam. 5&nbsp;693, d&#8217;01.02.2008)<br \/>\n<a href=\"http:\/\/www.pre.gva.es\/L\/BASIS\/BDLGVPU\/WEB\/LEV_LISTADOS_TEXTO\/DDW?W%3DSIGNATURA_N=1218+AND+SIGNATURA_A=2008%26R%3DN\" target=\"_blank\">&#8211; vegeu text<\/a><\/p>\n<li>RESOLUCI\u00d3 de 16 de gener del 2008, de la Presid\u00e8ncia de l&#8217;Acad\u00e8mia Valenciana de la Llengua, per la qual es publica l&#8217;Acord d&#8217;11 de gener del 2008, del Ple de l&#8217;Acad\u00e8mia Valenciana de la Llengua, pel qual es convoquen beques per a la realitzaci\u00f3 de pr\u00e0ctiques de formaci\u00f3 d&#8217;Inform\u00e0tica, de personal t\u00e8cnic de Biblioteques i Arxius, i de t\u00e8cnics en Lexicografia, Terminologia i Toponom\u00e0stica. [2008\/755] (<span class=\"versaleta\"><em>docv<\/em><\/span> n\u00fam. 5&nbsp;693, d&#8217;01.02.2008)<br \/>\n<a href=\"http:\/\/www.pre.gva.es\/L\/BASIS\/BDLGVPU\/WEB\/LEV_LISTADOS_TEXTO\/DDW?W%3DSIGNATURA_N=1219+AND+SIGNATURA_A=2008%26R%3DN\" target=\"_blank\">&#8211; vegeu text<\/a>\n<\/ul>\n<\/blockquote>\n","protected":false},"excerpt":{"rendered":"<p>El cidaj ens envia la informaci\u00f3 seg\u00fcent: ORDE de 16 de gener de 2008, de la Conselleria d&#8217;Educaci\u00f3, per la qual es convoquen ajudes econ\u00f2miques per a la promoci\u00f3 de l&#8217;\u00fas del valenci\u00e0 en les produccions teatrals a la Comunitat Valenciana per a 2008. [2008\/1030] (docv n\u00fam. 5&nbsp;693, d&#8217;01.02.2008) &#8211; vegeu text RESOLUCI\u00d3 de 16 [&hellip;]<\/p>\n","protected":false},"author":2,"featured_media":0,"comment_status":"open","ping_status":"open","sticky":false,"template":"","format":"standard","meta":{"footnotes":""},"categories":[10,1,15,47,28],"tags":[51,70,146,462],"class_list":["post-305","post","type-post","status-publish","format-standard","hentry","category-formacio","category-general","category-laboral","category-planificacio","category-subvencions","tag-ajudes","tag-avl","tag-diners","tag-teatre"],"_links":{"self":[{"href":"https:\/\/www.cdlpv.org\/dtl\/wp-json\/wp\/v2\/posts\/305","targetHints":{"allow":["GET"]}}],"collection":[{"href":"https:\/\/www.cdlpv.org\/dtl\/wp-json\/wp\/v2\/posts"}],"about":[{"href":"https:\/\/www.cdlpv.org\/dtl\/wp-json\/wp\/v2\/types\/post"}],"author":[{"embeddable":true,"href":"https:\/\/www.cdlpv.org\/dtl\/wp-json\/wp\/v2\/users\/2"}],"replies":[{"embeddable":true,"href":"https:\/\/www.cdlpv.org\/dtl\/wp-json\/wp\/v2\/comments?post=305"}],"version-history":[{"count":0,"href":"https:\/\/www.cdlpv.org\/dtl\/wp-json\/wp\/v2\/posts\/305\/revisions"}],"wp:attachment":[{"href":"https:\/\/www.cdlpv.org\/dtl\/wp-json\/wp\/v2\/media?parent=305"}],"wp:term":[{"taxonomy":"category","embeddable":true,"href":"https:\/\/www.cdlpv.org\/dtl\/wp-json\/wp\/v2\/categories?post=305"},{"taxonomy":"post_tag","embeddable":true,"href":"https:\/\/www.cdlpv.org\/dtl\/wp-json\/wp\/v2\/tags?post=305"}],"curies":[{"name":"wp","href":"https:\/\/api.w.org\/{rel}","templated":true}]}}