{"id":3048,"date":"2017-02-17T16:00:35","date_gmt":"2017-02-17T15:00:35","guid":{"rendered":"http:\/\/www.cdlpv.org\/dtl\/?p=3048"},"modified":"2017-02-17T12:38:29","modified_gmt":"2017-02-17T11:38:29","slug":"denominacions-oficials-valencia","status":"publish","type":"post","link":"https:\/\/www.cdlpv.org\/dtl\/2017\/02\/17\/denominacions-oficials-valencia\/","title":{"rendered":"Denominacions oficials: Val\u00e8ncia"},"content":{"rendered":"<p>El municipi de Val\u00e8ncia (Horta) ha fixat la forma oficial del seu nom (DOGV 7979, 14.02.2017; <span class=\"versaleta\"><a href=\"http:\/\/www.dogv.gva.es\/datos\/2017\/02\/14\/pdf\/2017_1189.pdf\" target=\"_blank\">[pdf]<\/a><\/span>):<\/p>\n<blockquote>\n<p align=\"LEFT\">Decret 16\/2017, de 10 de febrer, del Consell, pel qual s\u2019aprova el canvi de denominaci\u00f3 del municipi de Valencia per la forma exclusiva en valenci\u00e0 de Val\u00e8ncia.<\/p>\n<\/blockquote>\n<p>M\u00e9s denominacions oficials en: <a href=\"http:\/\/www.cdlpv.org\/fitxes\/municipis-i-comarques-del-pais-valencia\/\" target=\"_blank\">Municipis i comarques (PV)<\/a>.<\/p>\n","protected":false},"excerpt":{"rendered":"<p>El municipi de Val\u00e8ncia (Horta) ha fixat la forma oficial del seu nom (DOGV 7979, 14.02.2017; [pdf]): Decret 16\/2017, de 10 de febrer, del Consell, pel qual s\u2019aprova el canvi de denominaci\u00f3 del municipi de Valencia per la forma exclusiva en valenci\u00e0 de Val\u00e8ncia. M\u00e9s denominacions oficials en: Municipis i comarques (PV).<\/p>\n","protected":false},"author":56,"featured_media":0,"comment_status":"open","ping_status":"open","sticky":false,"template":"","format":"standard","meta":{"footnotes":""},"categories":[32],"tags":[50],"class_list":["post-3048","post","type-post","status-publish","format-standard","hentry","category-toponimia","tag-administracio-local"],"_links":{"self":[{"href":"https:\/\/www.cdlpv.org\/dtl\/wp-json\/wp\/v2\/posts\/3048","targetHints":{"allow":["GET"]}}],"collection":[{"href":"https:\/\/www.cdlpv.org\/dtl\/wp-json\/wp\/v2\/posts"}],"about":[{"href":"https:\/\/www.cdlpv.org\/dtl\/wp-json\/wp\/v2\/types\/post"}],"author":[{"embeddable":true,"href":"https:\/\/www.cdlpv.org\/dtl\/wp-json\/wp\/v2\/users\/56"}],"replies":[{"embeddable":true,"href":"https:\/\/www.cdlpv.org\/dtl\/wp-json\/wp\/v2\/comments?post=3048"}],"version-history":[{"count":2,"href":"https:\/\/www.cdlpv.org\/dtl\/wp-json\/wp\/v2\/posts\/3048\/revisions"}],"predecessor-version":[{"id":3051,"href":"https:\/\/www.cdlpv.org\/dtl\/wp-json\/wp\/v2\/posts\/3048\/revisions\/3051"}],"wp:attachment":[{"href":"https:\/\/www.cdlpv.org\/dtl\/wp-json\/wp\/v2\/media?parent=3048"}],"wp:term":[{"taxonomy":"category","embeddable":true,"href":"https:\/\/www.cdlpv.org\/dtl\/wp-json\/wp\/v2\/categories?post=3048"},{"taxonomy":"post_tag","embeddable":true,"href":"https:\/\/www.cdlpv.org\/dtl\/wp-json\/wp\/v2\/tags?post=3048"}],"curies":[{"name":"wp","href":"https:\/\/api.w.org\/{rel}","templated":true}]}}