{"id":3044,"date":"2017-02-09T20:30:30","date_gmt":"2017-02-09T19:30:30","guid":{"rendered":"http:\/\/www.cdlpv.org\/dtl\/?p=3044"},"modified":"2017-02-09T18:25:33","modified_gmt":"2017-02-09T17:25:33","slug":"criteris-sobre-majuscules-i-minuscules","status":"publish","type":"post","link":"https:\/\/www.cdlpv.org\/dtl\/2017\/02\/09\/criteris-sobre-majuscules-i-minuscules\/","title":{"rendered":"Criteris sobre maj\u00fascules i min\u00fascules"},"content":{"rendered":"<p>La Generalitat de Catalunya ha publicat una nova edici\u00f3, la quarta, dels criteris sobre l&#8217;\u00fas de les maj\u00fascules i min\u00fascules. Segons indiquen en el web (consulta: <a href=\"http:\/\/llengua.gencat.cat\/ca\/serveis\/informacio_i_difusio\/publicacions_en_linia\/btpl_col\/majuscules-i-minuscules\/\" target=\"_blank\">09.02.2017<\/a>):<\/p>\n<blockquote><p>Aquesta nova edici\u00f3 respon a la necessitat d\u2019actualitzar la proposta inicial i de donar resposta als casos conflictius que han anat sorgint els darrers anys, cosa que ha comportat la incorporaci\u00f3 de nous apartats i nous exemples que l\u2019amplien i l\u2019enriqueixen.<\/p><\/blockquote>\n<p>Podeu trobar el document ac\u00ed: <span class=\"versaleta\"><a href=\"http:\/\/llengua.gencat.cat\/web\/.content\/documents\/publicacions\/btpl\/arxius\/BTPL-Majuscules-i-minuscules.pdf\" target=\"_blank\">[pdf]<\/a><\/span>.<\/p>\n","protected":false},"excerpt":{"rendered":"<p>La Generalitat de Catalunya ha publicat una nova edici\u00f3, la quarta, dels criteris sobre l&#8217;\u00fas de les maj\u00fascules i min\u00fascules. Segons indiquen en el web (consulta: 09.02.2017): Aquesta nova edici\u00f3 respon a la necessitat d\u2019actualitzar la proposta inicial i de donar resposta als casos conflictius que han anat sorgint els darrers anys, cosa que ha [&hellip;]<\/p>\n","protected":false},"author":56,"featured_media":0,"comment_status":"open","ping_status":"open","sticky":false,"template":"","format":"standard","meta":{"footnotes":""},"categories":[528,3,26],"tags":[130],"class_list":["post-3044","post","type-post","status-publish","format-standard","hentry","category-criteris","category-documentacio","category-serveis-linguistics","tag-criteris"],"_links":{"self":[{"href":"https:\/\/www.cdlpv.org\/dtl\/wp-json\/wp\/v2\/posts\/3044","targetHints":{"allow":["GET"]}}],"collection":[{"href":"https:\/\/www.cdlpv.org\/dtl\/wp-json\/wp\/v2\/posts"}],"about":[{"href":"https:\/\/www.cdlpv.org\/dtl\/wp-json\/wp\/v2\/types\/post"}],"author":[{"embeddable":true,"href":"https:\/\/www.cdlpv.org\/dtl\/wp-json\/wp\/v2\/users\/56"}],"replies":[{"embeddable":true,"href":"https:\/\/www.cdlpv.org\/dtl\/wp-json\/wp\/v2\/comments?post=3044"}],"version-history":[{"count":1,"href":"https:\/\/www.cdlpv.org\/dtl\/wp-json\/wp\/v2\/posts\/3044\/revisions"}],"predecessor-version":[{"id":3045,"href":"https:\/\/www.cdlpv.org\/dtl\/wp-json\/wp\/v2\/posts\/3044\/revisions\/3045"}],"wp:attachment":[{"href":"https:\/\/www.cdlpv.org\/dtl\/wp-json\/wp\/v2\/media?parent=3044"}],"wp:term":[{"taxonomy":"category","embeddable":true,"href":"https:\/\/www.cdlpv.org\/dtl\/wp-json\/wp\/v2\/categories?post=3044"},{"taxonomy":"post_tag","embeddable":true,"href":"https:\/\/www.cdlpv.org\/dtl\/wp-json\/wp\/v2\/tags?post=3044"}],"curies":[{"name":"wp","href":"https:\/\/api.w.org\/{rel}","templated":true}]}}