{"id":304,"date":"2008-02-06T10:14:50","date_gmt":"2008-02-06T09:14:50","guid":{"rendered":"http:\/\/www.cdlpv.org\/dtl\/?p=304"},"modified":"2008-02-06T10:14:50","modified_gmt":"2008-02-06T09:14:50","slug":"concurs-de-merits-cap-tecnic-del-servei-de-politica-linguistica-de-la-uv","status":"publish","type":"post","link":"https:\/\/www.cdlpv.org\/dtl\/2008\/02\/06\/concurs-de-merits-cap-tecnic-del-servei-de-politica-linguistica-de-la-uv\/","title":{"rendered":"Concurs de m\u00e8rits: cap t\u00e8cnic del Servei de Pol\u00edtica Ling\u00fc\u00edstica de la UV"},"content":{"rendered":"<p>El <span class=\"versaleta\">cidaj<\/span> ens fa arribar la informaci\u00f3 seg\u00fcent:<\/p>\n<blockquote><p>\nRESOLUCI\u00d3 de 18 de gener de 2008, de la Universitat de Val\u00e8ncia, per la qual es convoca concurs de m\u00e8rits per als funcionaris o funcion\u00e0ries del grup A d&#8217;administraci\u00f3 especial, escala t\u00e8cnica superior d&#8217;Assessorament Ling\u00fc\u00edstic, per a cobrir el lloc de treball de cap t\u00e8cnic del Servei de Pol\u00edtica Ling\u00fc\u00edstica d&#8217;aquesta universitat. [2008\/712] (<span class=\"versaleta\"><em>docv<\/em><\/span> n\u00fam. 5&nbsp;696, de 05.02.2008)<br \/>\n<a href=\"http:\/\/www.pre.gva.es\/L\/BASIS\/BDLGVPU\/WEB\/LEV_LISTADOS_TEXTO\/DDW?W=SIGNATURA_N=1319+AND+SIGNATURA_A=2008&#038;R=N\" target=\"_blank\">&#8211; vegeu text<\/a><\/p><\/blockquote>\n","protected":false},"excerpt":{"rendered":"<p>El cidaj ens fa arribar la informaci\u00f3 seg\u00fcent: RESOLUCI\u00d3 de 18 de gener de 2008, de la Universitat de Val\u00e8ncia, per la qual es convoca concurs de m\u00e8rits per als funcionaris o funcion\u00e0ries del grup A d&#8217;administraci\u00f3 especial, escala t\u00e8cnica superior d&#8217;Assessorament Ling\u00fc\u00edstic, per a cobrir el lloc de treball de cap t\u00e8cnic del Servei [&hellip;]<\/p>\n","protected":false},"author":2,"featured_media":0,"comment_status":"open","ping_status":"open","sticky":false,"template":"","format":"standard","meta":{"footnotes":""},"categories":[43,1,15,26],"tags":[67,436,495],"class_list":["post-304","post","type-post","status-publish","format-standard","hentry","category-concursos","category-general","category-laboral","category-serveis-linguistics","tag-assessorament","tag-servei-linguistic","tag-universitat-de-valencia"],"_links":{"self":[{"href":"https:\/\/www.cdlpv.org\/dtl\/wp-json\/wp\/v2\/posts\/304","targetHints":{"allow":["GET"]}}],"collection":[{"href":"https:\/\/www.cdlpv.org\/dtl\/wp-json\/wp\/v2\/posts"}],"about":[{"href":"https:\/\/www.cdlpv.org\/dtl\/wp-json\/wp\/v2\/types\/post"}],"author":[{"embeddable":true,"href":"https:\/\/www.cdlpv.org\/dtl\/wp-json\/wp\/v2\/users\/2"}],"replies":[{"embeddable":true,"href":"https:\/\/www.cdlpv.org\/dtl\/wp-json\/wp\/v2\/comments?post=304"}],"version-history":[{"count":0,"href":"https:\/\/www.cdlpv.org\/dtl\/wp-json\/wp\/v2\/posts\/304\/revisions"}],"wp:attachment":[{"href":"https:\/\/www.cdlpv.org\/dtl\/wp-json\/wp\/v2\/media?parent=304"}],"wp:term":[{"taxonomy":"category","embeddable":true,"href":"https:\/\/www.cdlpv.org\/dtl\/wp-json\/wp\/v2\/categories?post=304"},{"taxonomy":"post_tag","embeddable":true,"href":"https:\/\/www.cdlpv.org\/dtl\/wp-json\/wp\/v2\/tags?post=304"}],"curies":[{"name":"wp","href":"https:\/\/api.w.org\/{rel}","templated":true}]}}