{"id":3039,"date":"2017-01-29T20:30:24","date_gmt":"2017-01-29T19:30:24","guid":{"rendered":"http:\/\/www.cdlpv.org\/dtl\/?p=3039"},"modified":"2017-06-26T13:42:48","modified_gmt":"2017-06-26T12:42:48","slug":"els-censos-linguistics-valencians","status":"publish","type":"post","link":"https:\/\/www.cdlpv.org\/dtl\/2017\/01\/29\/els-censos-linguistics-valencians\/","title":{"rendered":"Els censos ling\u00fc\u00edstics valencians"},"content":{"rendered":"<p>Com a lectura complement\u00e0ria a les estad\u00edstiques sobre coneiximent i \u00fas social del valenci\u00e0, conv\u00e9 llegir l&#8217;estudi de Raquel Casesnoves Ferrer \u00abL\u2019evoluci\u00f3 del coneixement del valenci\u00e0 en dues d\u00e8cades: els censos ling\u00fc\u00edstics del 1991 al 2011\u00bb publicat en <em>Treballs de Socioling\u00fc\u00edstica Catalana,<\/em> n\u00fam. 26 (2016; <span class=\"versaleta\"><a href=\"http:\/\/publicacions.iec.cat\/Front\/repository\/pdf\/00000238\/00000086.pdf\" target=\"_blank\">[pdf]<\/a><\/span>). Despr\u00e9s d&#8217;analitzar les dades (amb virtuts i mancances incloses) dels censos, l&#8217;autora conclou:<\/p>\n<blockquote><p>\nL\u2019an\u00e0lisi dels censos ling\u00fc\u00edstics i, molt particularment, el cens del 2011, ens ha servit, a m\u00e9s de difondre unes dades poc conegudes i menys analitzades, per constatar que el coneixement oral del valenci\u00e0 es mant\u00e9 al mateix nivell que fa vint anys: al voltant del 80&thinsp;% de la poblaci\u00f3 valenciana \u00e9s capa\u00e7 d\u2019entendre el valenci\u00e0 i el 50&thinsp;% podria parlar-lo. El coneixement formal, adquirit a trav\u00e9s de l\u2019escola, ha augmentat considerablement, amb prop del 60&thinsp;% de valencians capa\u00e7os de llegir valenci\u00e0 i quasi un ter\u00e7 d\u2019escriure\u2019l. Podr\u00edem haver esperat uns nivells de compet\u00e8ncia molt m\u00e9s alts despr\u00e9s de quasi trenta anys de normalitzaci\u00f3 ling\u00fc\u00edstica. En vista de la pol\u00edtica ling\u00fc\u00edstica portada a terme pel Govern, per\u00f2, encara ens podria sorprendre el fet que els valencians mantinguen aquests nivells i no uns altres de molt m\u00e9s baixos.\n<\/p><\/blockquote>\n<p>La mateixa autora havia realitzat anteriorment un estudi semblant: \u00abL\u2019evoluci\u00f3 del coneixement del valenci\u00e0 1991-2001: una d\u00e8cada de canvis socials, pol\u00edtics, demogr\u00e0fics i ling\u00fc\u00edstics\u00bb (2005; <span class=\"versaleta\"><a href=\"http:\/\/www.anglo-catalan.org\/oldjocs\/8\/Articles%20&#038;%20Reviews\/Versio%20pdf\/(150906)%202%20Casesnoves.pdf\" target=\"_blank\">[pdf]<\/a><\/span>). Podeu trobar m\u00e9s documentaci\u00f3 sobre esta q\u00fcesti\u00f3 en la bibliografia selectiva sobre censos i enquestes ling\u00fc\u00edstics (consulta: 29.01.2017; <span class=\"versaleta\"><a href=\"http:\/\/llengua.gencat.cat\/web\/.content\/docs_del_centre_de_documentacio\/bibliografies_selectives\/arxius\/select_censos.pdf\" target=\"_blank\">[pdf]<\/a><\/span>) de la Direcci\u00f3 General de Pol\u00edtica Ling\u00fc\u00edstica de la Generalitat de Catalunya.<\/p>\n","protected":false},"excerpt":{"rendered":"<p>Com a lectura complement\u00e0ria a les estad\u00edstiques sobre coneiximent i \u00fas social del valenci\u00e0, conv\u00e9 llegir l&#8217;estudi de Raquel Casesnoves Ferrer \u00abL\u2019evoluci\u00f3 del coneixement del valenci\u00e0 en dues d\u00e8cades: els censos ling\u00fc\u00edstics del 1991 al 2011\u00bb publicat en Treballs de Socioling\u00fc\u00edstica Catalana, n\u00fam. 26 (2016; [pdf]). Despr\u00e9s d&#8217;analitzar les dades (amb virtuts i mancances incloses) [&hellip;]<\/p>\n","protected":false},"author":56,"featured_media":0,"comment_status":"open","ping_status":"open","sticky":false,"template":"","format":"standard","meta":{"footnotes":""},"categories":[3,10,1,46,22,27],"tags":[64,189],"class_list":["post-3039","post","type-post","status-publish","format-standard","hentry","category-documentacio","category-formacio","category-general","category-iec","category-recerca","category-sociolinguistica","tag-articles","tag-estadistiques"],"_links":{"self":[{"href":"https:\/\/www.cdlpv.org\/dtl\/wp-json\/wp\/v2\/posts\/3039","targetHints":{"allow":["GET"]}}],"collection":[{"href":"https:\/\/www.cdlpv.org\/dtl\/wp-json\/wp\/v2\/posts"}],"about":[{"href":"https:\/\/www.cdlpv.org\/dtl\/wp-json\/wp\/v2\/types\/post"}],"author":[{"embeddable":true,"href":"https:\/\/www.cdlpv.org\/dtl\/wp-json\/wp\/v2\/users\/56"}],"replies":[{"embeddable":true,"href":"https:\/\/www.cdlpv.org\/dtl\/wp-json\/wp\/v2\/comments?post=3039"}],"version-history":[{"count":4,"href":"https:\/\/www.cdlpv.org\/dtl\/wp-json\/wp\/v2\/posts\/3039\/revisions"}],"predecessor-version":[{"id":3093,"href":"https:\/\/www.cdlpv.org\/dtl\/wp-json\/wp\/v2\/posts\/3039\/revisions\/3093"}],"wp:attachment":[{"href":"https:\/\/www.cdlpv.org\/dtl\/wp-json\/wp\/v2\/media?parent=3039"}],"wp:term":[{"taxonomy":"category","embeddable":true,"href":"https:\/\/www.cdlpv.org\/dtl\/wp-json\/wp\/v2\/categories?post=3039"},{"taxonomy":"post_tag","embeddable":true,"href":"https:\/\/www.cdlpv.org\/dtl\/wp-json\/wp\/v2\/tags?post=3039"}],"curies":[{"name":"wp","href":"https:\/\/api.w.org\/{rel}","templated":true}]}}