{"id":3025,"date":"2016-12-31T10:30:21","date_gmt":"2016-12-31T09:30:21","guid":{"rendered":"http:\/\/www.cdlpv.org\/dtl\/?p=3025"},"modified":"2016-12-30T13:30:32","modified_gmt":"2016-12-30T12:30:32","slug":"pacte-sindical-per-la-competencia-linguistica","status":"publish","type":"post","link":"https:\/\/www.cdlpv.org\/dtl\/2016\/12\/31\/pacte-sindical-per-la-competencia-linguistica\/","title":{"rendered":"Pacte sindical per la compet\u00e8ncia ling\u00fc\u00edstica"},"content":{"rendered":"<p>Els sindicats <span class=\"versaleta\">ugt-pv, ccoo pv<\/span> i Intersindical Valenciana ha firmat un pacte sobre la compet\u00e8ncia ling\u00fc\u00edstica dels treballadors de les administracions p\u00fabliques:<\/p>\n<blockquote>\n<h2>Acord dels sindicats sobre la compet\u00e8ncia ling\u00fc\u00edstica del personal empleat p\u00fablic<\/h2>\n<p>UGT-PV, CCOO PV i Intersindical Valenciana signen un pacte que estableix la compet\u00e8ncia ling\u00fc\u00edstica que ha d\u2019acreditar el personal al servei de les administracions valencianes. L\u2019objectiu \u00e9s garantir l\u2019atenci\u00f3 en les dues lleng\u00fces oficials i compensar els d\u00e8ficits que encara presenta el coneixement i l\u2019\u00fas del valenci\u00e0. <a href=\"http:\/\/intersindical.org\/noticies_actualitat\/article\/acord_dels_sindicats_sobre_la_competencia_lingueistica_del_personal_empleat\" target=\"_blank\">[&#8230;]<\/a>\n<\/p><\/blockquote>\n","protected":false},"excerpt":{"rendered":"<p>Els sindicats ugt-pv, ccoo pv i Intersindical Valenciana ha firmat un pacte sobre la compet\u00e8ncia ling\u00fc\u00edstica dels treballadors de les administracions p\u00fabliques: Acord dels sindicats sobre la compet\u00e8ncia ling\u00fc\u00edstica del personal empleat p\u00fablic UGT-PV, CCOO PV i Intersindical Valenciana signen un pacte que estableix la compet\u00e8ncia ling\u00fc\u00edstica que ha d\u2019acreditar el personal al servei de [&hellip;]<\/p>\n","protected":false},"author":56,"featured_media":0,"comment_status":"open","ping_status":"open","sticky":false,"template":"","format":"standard","meta":{"footnotes":""},"categories":[4,15,23,24],"tags":[441],"class_list":["post-3025","post","type-post","status-publish","format-standard","hentry","category-dret","category-laboral","category-reglaments-linguistics","category-requisit-linguistic","tag-sindicats"],"_links":{"self":[{"href":"https:\/\/www.cdlpv.org\/dtl\/wp-json\/wp\/v2\/posts\/3025","targetHints":{"allow":["GET"]}}],"collection":[{"href":"https:\/\/www.cdlpv.org\/dtl\/wp-json\/wp\/v2\/posts"}],"about":[{"href":"https:\/\/www.cdlpv.org\/dtl\/wp-json\/wp\/v2\/types\/post"}],"author":[{"embeddable":true,"href":"https:\/\/www.cdlpv.org\/dtl\/wp-json\/wp\/v2\/users\/56"}],"replies":[{"embeddable":true,"href":"https:\/\/www.cdlpv.org\/dtl\/wp-json\/wp\/v2\/comments?post=3025"}],"version-history":[{"count":3,"href":"https:\/\/www.cdlpv.org\/dtl\/wp-json\/wp\/v2\/posts\/3025\/revisions"}],"predecessor-version":[{"id":3028,"href":"https:\/\/www.cdlpv.org\/dtl\/wp-json\/wp\/v2\/posts\/3025\/revisions\/3028"}],"wp:attachment":[{"href":"https:\/\/www.cdlpv.org\/dtl\/wp-json\/wp\/v2\/media?parent=3025"}],"wp:term":[{"taxonomy":"category","embeddable":true,"href":"https:\/\/www.cdlpv.org\/dtl\/wp-json\/wp\/v2\/categories?post=3025"},{"taxonomy":"post_tag","embeddable":true,"href":"https:\/\/www.cdlpv.org\/dtl\/wp-json\/wp\/v2\/tags?post=3025"}],"curies":[{"name":"wp","href":"https:\/\/api.w.org\/{rel}","templated":true}]}}