{"id":301,"date":"2008-02-05T10:30:14","date_gmt":"2008-02-05T09:30:14","guid":{"rendered":"http:\/\/www.cdlpv.org\/dtl\/?p=301"},"modified":"2008-02-05T10:30:14","modified_gmt":"2008-02-05T09:30:14","slug":"vocabularis-desintegradors","status":"publish","type":"post","link":"https:\/\/www.cdlpv.org\/dtl\/2008\/02\/05\/vocabularis-desintegradors\/","title":{"rendered":"Vocabularis desintegradors"},"content":{"rendered":"<p><a href='http:\/\/www.cdlpv.org\/dtl\/wp-content\/aesov.jpg' title='Asociaci\u00f3n de Empresarios Solidarios Valencianos'><img src='http:\/\/www.cdlpv.org\/dtl\/wp-content\/aesov.thumbnail.jpg' alt='Asociaci\u00f3n de Empresarios Solidarios Valencianos' bordar=\"0\" align=\"right\" \/><\/a><br \/>\nLa not\u00edcia del diari <em>El Pa\u00eds<\/em> (<a href=\"http:\/\/www.elpais.com\/articulo\/Comunidad\/Valenciana\/Vocabularios\/integrar\/trabajadores\/extranjeros\/elpepiespval\/20080204elpval_11\/Tes\" target=\"_blank\">04.02.2008<\/a>; l&#8217;hem tradu\u00efda amb l&#8217;ajuda de l&#8217;Internostrum) \u00e9s la seg\u00fcent:<\/p>\n<blockquote>\n<h2>Vocabularis per a integrar treballadors estrangers<\/h2>\n<h5>Magda R. Brox &#8211; Val\u00e8ncia &#8211; 04.02.2008<\/h5>\n<p>L&#8217;<a href=\"http:\/\/www.aesov.com\/\" target=\"_blank\">Asociaci\u00f3n de Empresarios Solidarios Valencianos<\/a> presentar\u00e0 el dimarts en la seu de la Confederaci\u00f3 Empresarial Valenciana (CEV) dos vocabularis, un en roman\u00e9s i un altre en \u00e0rab, amb termes espec\u00edfics del sector del metall i la construcci\u00f3, dirigit per a treballadors immigrants residents a la Comunitat Valenciana.<\/p>\n<p>Es tracta d&#8217;una iniciativa que t\u00e9 com finalitat facilitar la integraci\u00f3 sociolaboral d&#8217;estos treballadors i evitar els riscs que comporta la falta d&#8217;enteniment. \u00abLa idea va sorgir arran dels problemes de comunicaci\u00f3 entre detectats entre els treballadors estrangers i els capatassos\u00bb, assenyala Luc\u00eda Iborra, presidenta de l&#8217;associaci\u00f3, que advertix que, en ocasions, el treballador encobrix la seua incomprensi\u00f3 davant el temor de ser acomiadat.<\/p>\n<p>Els diccionaris, l&#8217;elaboraci\u00f3 dels quals han estat coordinats per l&#8217;Escola d&#8217;Idiomes de Florida (Catarroja), registren 1.800 entrades cadascun, per a cadascun dels sectors. Ambd\u00f3s vocabularis, l&#8217;\u00e0rab-castell\u00e0 i el roman\u00e8s-castell\u00e0, recopilen tant el l\u00e8xic de la construcci\u00f3 com el de l&#8217;obra donada l&#8217;elevada mobilitat laboral dels treballadors estrangers. A m\u00e9s, s\u00f3n edicions de butxaca per a consultar amb facilitat en el treball i estan il\u00b7lustrats per a fer-los m\u00e9s comprensibles.<\/p>\n<p>Les federacions del metall i de la construcci\u00f3 aix\u00ed com la fundaci\u00f3 CeiMigra que treballen amb immigrants, distribuiran els exemplars el tiratge inicial dels quals ser\u00e0 de 1.500 en cada idioma.\n<\/p><\/blockquote>\n<p>Volia fer-li una gr\u00e0cia i li va traure un ull. Si la not\u00edcia \u00e9s certa, aixina ens podem sentir tots amb la solidaritat mal enfocada d&#8217;alguns empresaris que pretenen \u00abintegrar\u00bb els treballadors immigrants al Pa\u00eds Valenci\u00e0 sense fer-ho <strong>tamb\u00e9<\/strong> en valenci\u00e0 i mostrant a l&#8217;hora dels fets la buidor de tota la ret\u00f2rica habitual sobre instruments d&#8217;integraci\u00f3 i senyes d&#8217;identitat, com es suposa que \u00e9s el valenci\u00e0 per als ciutadans valencians \u2014i cal dir que hi ha molts immigrants que saben viure i conviure en valenci\u00e0.<\/p>\n<p>Les respostes estan clares, per\u00f2 el fet \u00e9s que encara no s&#8217;han fet les preguntes adequades. Un simple: \u00bfper qu\u00e8 no s&#8217;han fet vocabularis triling\u00fces?, deixa en evid\u00e8ncia l&#8217;abs\u00e8ncia de previsi\u00f3 i l&#8217;abast real de les declaracions de valenciania de molts pol\u00edtics i empresaris.<\/p>\n<p>Naturalment, el sector del mercat afectat \u2014entre altres, ling\u00fcistes, docents, editors, a m\u00e9s de persones preocupades per la no-discriminaci\u00f3 ling\u00fc\u00edstica dels ciutadans residents al Pa\u00eds Valenci\u00e0\u2014 hauria de denunciar les conseq\u00fc\u00e8ncies econ\u00f2miques i socials negatives i els defectes de l&#8217;oblit del valenci\u00e0, que consistixen tant en un empobriment cultural i ling\u00fc\u00edstic com en una mesura que fa que els ciutadans nouvinguts desconeguen la llengua pr\u00f2pia del pa\u00eds i, en conseq\u00fc\u00e8ncia, estiguen discriminats quant a oportunitats i, m\u00e9s greu encara, els convertixen en instruments actius i involuntaris d&#8217;imposici\u00f3 del castell\u00e0, en un instrument m\u00e9s de discriminaci\u00f3 negativa dels ciutadans catalanoparlants.<\/p>\n","protected":false},"excerpt":{"rendered":"<p>La not\u00edcia del diari El Pa\u00eds (04.02.2008; l&#8217;hem tradu\u00efda amb l&#8217;ajuda de l&#8217;Internostrum) \u00e9s la seg\u00fcent: Vocabularis per a integrar treballadors estrangers Magda R. Brox &#8211; Val\u00e8ncia &#8211; 04.02.2008 L&#8217;Asociaci\u00f3n de Empresarios Solidarios Valencianos presentar\u00e0 el dimarts en la seu de la Confederaci\u00f3 Empresarial Valenciana (CEV) dos vocabularis, un en roman\u00e9s i un altre en [&hellip;]<\/p>\n","protected":false},"author":2,"featured_media":0,"comment_status":"open","ping_status":"open","sticky":false,"template":"","format":"standard","meta":{"footnotes":""},"categories":[36,7,10,1,15,24,27],"tags":[61,163,174,209,308,421,514],"class_list":["post-301","post","type-post","status-publish","format-standard","hentry","category-allofobia","category-empreses","category-formacio","category-general","category-laboral","category-requisit-linguistic","category-sociolinguistica","tag-arab","tag-editorials","tag-empreses","tag-florida","tag-mercat","tag-romanes","tag-vocabularis"],"_links":{"self":[{"href":"https:\/\/www.cdlpv.org\/dtl\/wp-json\/wp\/v2\/posts\/301","targetHints":{"allow":["GET"]}}],"collection":[{"href":"https:\/\/www.cdlpv.org\/dtl\/wp-json\/wp\/v2\/posts"}],"about":[{"href":"https:\/\/www.cdlpv.org\/dtl\/wp-json\/wp\/v2\/types\/post"}],"author":[{"embeddable":true,"href":"https:\/\/www.cdlpv.org\/dtl\/wp-json\/wp\/v2\/users\/2"}],"replies":[{"embeddable":true,"href":"https:\/\/www.cdlpv.org\/dtl\/wp-json\/wp\/v2\/comments?post=301"}],"version-history":[{"count":0,"href":"https:\/\/www.cdlpv.org\/dtl\/wp-json\/wp\/v2\/posts\/301\/revisions"}],"wp:attachment":[{"href":"https:\/\/www.cdlpv.org\/dtl\/wp-json\/wp\/v2\/media?parent=301"}],"wp:term":[{"taxonomy":"category","embeddable":true,"href":"https:\/\/www.cdlpv.org\/dtl\/wp-json\/wp\/v2\/categories?post=301"},{"taxonomy":"post_tag","embeddable":true,"href":"https:\/\/www.cdlpv.org\/dtl\/wp-json\/wp\/v2\/tags?post=301"}],"curies":[{"name":"wp","href":"https:\/\/api.w.org\/{rel}","templated":true}]}}