{"id":3004,"date":"2016-11-26T14:34:31","date_gmt":"2016-11-26T12:34:31","guid":{"rendered":"http:\/\/www.cdlpv.org\/dtl\/?p=3004"},"modified":"2016-11-28T22:45:41","modified_gmt":"2016-11-28T20:45:41","slug":"nova-versio-dels-criteris-estilistics-de-la-generalitat-valenciana","status":"publish","type":"post","link":"https:\/\/www.cdlpv.org\/dtl\/2016\/11\/26\/nova-versio-dels-criteris-estilistics-de-la-generalitat-valenciana\/","title":{"rendered":"Nova versi\u00f3 dels criteris estil\u00edstics de la Generalitat valenciana"},"content":{"rendered":"<p>Mentres esperem la versi\u00f3 definitiva de la nova gram\u00e0tica que ha preparat l&#8217;Institut d&#8217;Estudis Catalans, l&#8217;administraci\u00f3 del Consell de la Generalitat valenciana acaba de publicar una versi\u00f3 revisada (i en algun cas redu\u00efda) del seu manual d&#8217;estil de l&#8217;any 1995, que han titulat (com en 1995), <em><a href=\"http:\/\/www.ceice.gva.es\/documents\/161863132\/163843714\/Criteris+Ling%C3%BC%C3%ADstics_web.pdf\/6f973b73-2003-4c72-a608-6f0afbfc8c59\" target=\"_blank\">Criteris ling\u00fc\u00edstics<\/a><\/em>:<\/p>\n<blockquote><p><a href=\"http:\/\/www.dogv.gva.es\/datos\/2016\/11\/23\/pdf\/2016_9261.pdf\" target=\"_blank\">Resoluci\u00f3 de 23 de novembre de 2016<\/a>, del director general de Pol\u00edtica Ling\u00fc\u00edstica i Gesti\u00f3 del Multiling\u00fcisme, per la qual s&#8217;aproven els <a href=\"http:\/\/www.ceice.gva.es\/documents\/161863132\/163843714\/Criteris+Ling%C3%BC%C3%ADstics_web.pdf\/6f973b73-2003-4c72-a608-6f0afbfc8c59\" target=\"_blank\">criteris ling\u00fc\u00edstics<\/a> d&#8217;aplicaci\u00f3 a l&#8217;Administraci\u00f3 de la Generalitat i els seus ens instrumentals.<\/p><\/blockquote>\n<p>Han passat m\u00e9s de vint anys, per\u00f2 pareix que la \u00absuspensi\u00f3 temporal\u00bb d&#8217;activitat que hem patit en este tema afecta encara la nova gesti\u00f3 pol\u00edtica, que no ha estat capa\u00e7 de revisar, ampliar i millorar el document del 1995. L&#8217;\u00fanica cosa que podem destacar \u00e9s que en la versi\u00f3 de 1995 preferien <em>tenir<\/em> i <em>venir<\/em> i ara preferixen <em>tindre, vindre<\/em> (i afigen que tamb\u00e9 preferixen <em>veure<\/em>, forma que no comentaren en la aquella edici\u00f3).<\/p>\n","protected":false},"excerpt":{"rendered":"<p>Mentres esperem la versi\u00f3 definitiva de la nova gram\u00e0tica que ha preparat l&#8217;Institut d&#8217;Estudis Catalans, l&#8217;administraci\u00f3 del Consell de la Generalitat valenciana acaba de publicar una versi\u00f3 revisada (i en algun cas redu\u00efda) del seu manual d&#8217;estil de l&#8217;any 1995, que han titulat (com en 1995), Criteris ling\u00fc\u00edstics: Resoluci\u00f3 de 23 de novembre de 2016, [&hellip;]<\/p>\n","protected":false},"author":56,"featured_media":0,"comment_status":"open","ping_status":"open","sticky":false,"template":"","format":"standard","meta":{"footnotes":""},"categories":[3,47,19,26],"tags":[130,193],"class_list":["post-3004","post","type-post","status-publish","format-standard","hentry","category-documentacio","category-planificacio","category-politica","category-serveis-linguistics","tag-criteris","tag-estil"],"_links":{"self":[{"href":"https:\/\/www.cdlpv.org\/dtl\/wp-json\/wp\/v2\/posts\/3004","targetHints":{"allow":["GET"]}}],"collection":[{"href":"https:\/\/www.cdlpv.org\/dtl\/wp-json\/wp\/v2\/posts"}],"about":[{"href":"https:\/\/www.cdlpv.org\/dtl\/wp-json\/wp\/v2\/types\/post"}],"author":[{"embeddable":true,"href":"https:\/\/www.cdlpv.org\/dtl\/wp-json\/wp\/v2\/users\/56"}],"replies":[{"embeddable":true,"href":"https:\/\/www.cdlpv.org\/dtl\/wp-json\/wp\/v2\/comments?post=3004"}],"version-history":[{"count":2,"href":"https:\/\/www.cdlpv.org\/dtl\/wp-json\/wp\/v2\/posts\/3004\/revisions"}],"predecessor-version":[{"id":3006,"href":"https:\/\/www.cdlpv.org\/dtl\/wp-json\/wp\/v2\/posts\/3004\/revisions\/3006"}],"wp:attachment":[{"href":"https:\/\/www.cdlpv.org\/dtl\/wp-json\/wp\/v2\/media?parent=3004"}],"wp:term":[{"taxonomy":"category","embeddable":true,"href":"https:\/\/www.cdlpv.org\/dtl\/wp-json\/wp\/v2\/categories?post=3004"},{"taxonomy":"post_tag","embeddable":true,"href":"https:\/\/www.cdlpv.org\/dtl\/wp-json\/wp\/v2\/tags?post=3004"}],"curies":[{"name":"wp","href":"https:\/\/api.w.org\/{rel}","templated":true}]}}