{"id":3001,"date":"2016-10-19T15:55:23","date_gmt":"2016-10-19T13:55:23","guid":{"rendered":"http:\/\/www.cdlpv.org\/dtl\/?p=3001"},"modified":"2016-10-19T12:49:29","modified_gmt":"2016-10-19T10:49:29","slug":"denominacions-oficials-benissuera","status":"publish","type":"post","link":"https:\/\/www.cdlpv.org\/dtl\/2016\/10\/19\/denominacions-oficials-benissuera\/","title":{"rendered":"Denominacions oficials: Benissuera"},"content":{"rendered":"<p>El municipi de\u00a0Benissuera (Vall d&#8217;Albaida) ha fixat la forma oficial del seu nom (DOGV 7899, 19.10.2016; <span class=\"versaleta\"><a href=\"http:\/\/www.dogv.gva.es\/datos\/2016\/10\/19\/pdf\/2016_8190.pdf\" target=\"_blank\">[pdf]<\/a><\/span>):<\/p>\n<blockquote>\n<p align=\"LEFT\">Decret 153\/2016, de 14 d\u2019octubre, del Consell, pel qual s\u2019aprova el canvi de denominaci\u00f3 del municipi Benisuera per la forma exclusiva en valenci\u00e0 de Benissuera.<\/p>\n<\/blockquote>\n<p>M\u00e9s denominacions oficials en: <a href=\"http:\/\/www.cdlpv.org\/fitxes\/municipis-i-comarques-del-pais-valencia\/\" target=\"_blank\">Municipis i comarques (PV)<\/a>.<\/p>\n","protected":false},"excerpt":{"rendered":"<p>El municipi de\u00a0Benissuera (Vall d&#8217;Albaida) ha fixat la forma oficial del seu nom (DOGV 7899, 19.10.2016; [pdf]): Decret 153\/2016, de 14 d\u2019octubre, del Consell, pel qual s\u2019aprova el canvi de denominaci\u00f3 del municipi Benisuera per la forma exclusiva en valenci\u00e0 de Benissuera. M\u00e9s denominacions oficials en: Municipis i comarques (PV).<\/p>\n","protected":false},"author":56,"featured_media":0,"comment_status":"open","ping_status":"open","sticky":false,"template":"","format":"standard","meta":{"footnotes":""},"categories":[32],"tags":[50],"class_list":["post-3001","post","type-post","status-publish","format-standard","hentry","category-toponimia","tag-administracio-local"],"_links":{"self":[{"href":"https:\/\/www.cdlpv.org\/dtl\/wp-json\/wp\/v2\/posts\/3001","targetHints":{"allow":["GET"]}}],"collection":[{"href":"https:\/\/www.cdlpv.org\/dtl\/wp-json\/wp\/v2\/posts"}],"about":[{"href":"https:\/\/www.cdlpv.org\/dtl\/wp-json\/wp\/v2\/types\/post"}],"author":[{"embeddable":true,"href":"https:\/\/www.cdlpv.org\/dtl\/wp-json\/wp\/v2\/users\/56"}],"replies":[{"embeddable":true,"href":"https:\/\/www.cdlpv.org\/dtl\/wp-json\/wp\/v2\/comments?post=3001"}],"version-history":[{"count":1,"href":"https:\/\/www.cdlpv.org\/dtl\/wp-json\/wp\/v2\/posts\/3001\/revisions"}],"predecessor-version":[{"id":3002,"href":"https:\/\/www.cdlpv.org\/dtl\/wp-json\/wp\/v2\/posts\/3001\/revisions\/3002"}],"wp:attachment":[{"href":"https:\/\/www.cdlpv.org\/dtl\/wp-json\/wp\/v2\/media?parent=3001"}],"wp:term":[{"taxonomy":"category","embeddable":true,"href":"https:\/\/www.cdlpv.org\/dtl\/wp-json\/wp\/v2\/categories?post=3001"},{"taxonomy":"post_tag","embeddable":true,"href":"https:\/\/www.cdlpv.org\/dtl\/wp-json\/wp\/v2\/tags?post=3001"}],"curies":[{"name":"wp","href":"https:\/\/api.w.org\/{rel}","templated":true}]}}