{"id":300,"date":"2008-02-04T20:34:17","date_gmt":"2008-02-04T19:34:17","guid":{"rendered":"http:\/\/www.cdlpv.org\/dtl\/?p=300"},"modified":"2008-02-04T20:34:17","modified_gmt":"2008-02-04T19:34:17","slug":"oficialitat-del-catala-a-la-catalunya-del-nord","status":"publish","type":"post","link":"https:\/\/www.cdlpv.org\/dtl\/2008\/02\/04\/oficialitat-del-catala-a-la-catalunya-del-nord\/","title":{"rendered":"Oficialitat del catal\u00e0 a la Catalunya del Nord"},"content":{"rendered":"<p>El 25 de gener la not\u00edcia era <em><a href=\"http:\/\/www.cdlpv.org\/dtl\/?p=293\" target=\"_blank\">(<span class=\"versaleta\">dtl<\/span>)<\/em><\/a> que l&#8217;estat franc\u00e9s col\u00b7laborava en l&#8217;emissi\u00f3 de la <span class=\"versaleta\">tv3<\/span>. Ara <em>Vilaweb<\/em> <a href=\"http:\/\/www.vilaweb.cat\/www\/noticia?p_idcmp=2726002&#038;p_edi=catalunyanord\" target=\"_blank\">(04.02.2008)<\/a> ens comunica la satisfacci\u00f3 dels governs catal\u00e0 i balear per l&#8217;\u00aboficialitat\u00bb del catal\u00e0 a la Catalunya del Nord i del silenci del govern valenci\u00e0 &mdash;segurament envej\u00f3s d&#8217;una oficialitat tan publicit\u00e0ria i poc compromesa.<\/p>\n<p>El Consell General dels Pirineus Orientals ha proclamat una oficialitat difusa i d&#8217;abast limitat, per\u00f2 hem de suposar que si l&#8217;han aprovada deu ser per a complir algun dels objectius que fixen en la Charte en faveur du catalan, que per ara no apareix en versi\u00f3 catalana en el <a href=\"http:\/\/www.cg66.fr\/culture\/patrimoine_catalanite\/catalanite\/charte.html\" target=\"_blank\">web<\/a> del Consell, i hauria de ser una de les primeres faenes que tenen a fer.<\/p>\n<p>Cal assenyalar que la carta diu, en un exercici d&#8217;optimisme que ens haur\u00edem de contagiar:<\/p>\n<blockquote><p>\nLes enquestes socioling\u00fc\u00edstiques mostren que en este inici del segle <span class=\"versaleta\">xxi<\/span>, amb una perspectiva de modernitat i de garantia de futur, els habitants continuen continuen interessats en la llengua catalana i s&#8217;hi mantenen fidels.\n<\/p><\/blockquote>\n<p>Ampliem, doncs, l&#8217;\u00e0mbit territorial d&#8217;oficialitat ling\u00fc\u00edstica per als catalanoparlants, modulada de maneres ben diverses, aix\u00f2 s\u00ed.<\/p>\n<p>Versi\u00f3 francesa de la carta (vesi\u00f3 catalana ac\u00ed: <a href=\"http:\/\/www.cg66.fr\/culture\/patrimoine_catalanite\/catalanite\/charte_catalan2.pdf\" target=\"_blank\"><span class=\"versaleta\">[pdf]<\/span><\/a>; i ac\u00ed: <a href=\"http:\/\/blocs.mesvilaweb.cat\/node\/view\/id\/80430\" target=\"_blank\"><span class=\"versaleta\">[html]<\/span><\/a> de Marc Belzunces):<\/p>\n<blockquote><p>\nCharte en faveur du catalan<\/p>\n<p><b>Pr\u00e9ambule:<\/b><\/p>\n<p>La langue catalane, n\u00e9e il y a plus de mille ans, constitue un des piliers de notre identit\u00e9, du patrimoine et de la richesse du d\u00e9partement des Pyr\u00e9n\u00e9es-Orientales (Catalunya Nord).<\/p>\n<p>Les enqu\u00eates sociolinguistiques montrent qu&#8217;en ce d\u00e9but du XXI\u00e8me si\u00e8cle, dans uneperspective de modernit\u00e9 et de garantie d&#8217;avenir, les habitants restent int\u00e9ress\u00e9s et fid\u00e8les \u00e0 la langue catalane. Aujourd&#8217;hui et pour les ann\u00e9es \u00e0 venir, la survie de la langue catalane est un enjeu culturel, \u00e9conomique, politique et humain d&#8217;importance.<\/p>\n<ul>\n<li> En premier lieu, il convient d&#8217;affirmer que:\n<ul>\n<li> La politique de promotion de la langue catalane ne se fait pas au d\u00e9triment de la langue fran\u00e7aise; la reconnaissance du catalan et le bilinguisme ne remettent pas en cause ni l&#8217;existence ni le caract\u00e8re officiel du fran\u00e7ais. Elle ne menace pas l&#8217;unit\u00e9 nationale.\n<li> La politique linguistique en faveur du catalan est fond\u00e9e sur l&#8217;incitation et l&#8217;encouragement et non sur l&#8217;obligation: nul n&#8217;est oblig\u00e9 d&#8217;apprendre le catalan.\n<li> La langue catalane est le patrimoine et le moyen d&#8217;expression de toute la population et n&#8217;est pas r\u00e9serv\u00e9e \u00e0 quelques sp\u00e9cialistes.\n<\/ul>\n<\/ul>\n<ul>\n<li> La reconnaissance du catalan et la politique linguistique en faveur du bilinguisme se basent<br \/>\nsur les principes universels de respect de la diversit\u00e9 et de l&#8217;\u00e9galit\u00e9 entre toutes les langues, tels qu&#8217;ils figurent dans:<\/p>\n<ul>\n<li> La D\u00e9claration Universelle des Droits de l&#8217;Homme: \u00ab l&#8217;Universalisme doit reposer sur une conception de la diversit\u00e9 linguistique et culturelle qui d\u00e9passe \u00e0 la fois les tendances homog\u00e9n\u00e9isantes et les tendances \u00e0 l&#8217;isolement facteur d&#8217;exclusion \u00bb.\n<li> La D\u00e9claration Universelle des Droits linguistiques: \u00ab toute communaut\u00e9 linguistique a le droit de disposer des moyens n\u00e9cessaires pour assurer la transmission et la p\u00e9rennit\u00e9 de sa langue \u00bb.\n<li> La Convention des Droits de l&#8217;Homme et des Libert\u00e9s fondamentales du Conseil de l&#8217;Europe: \u00ab le droit de pratiquer une langue r\u00e9gionale ou minoritaire, dans la vie priv\u00e9e ou publique constitue un droit imprescendible \u00bb.\n<li> La Charte Europ\u00e9enne des Langues R\u00e9gionales: \u00ab la protection des langues r\u00e9gionales ou minoritaires historiques de l&#8217;Europe, dont certaines risquent, au fil du temps, de dispara\u00eetre, contribue \u00e0 maintenir et \u00e0 d\u00e9velopper les traditions et la richesse culturelles de l&#8217;Europe \u00bb.\n<\/ul>\n<\/ul>\n<p>Face au refus du Gouvernement de faire ratifier et appliquer la Charte Europ\u00e9enne des Langues R\u00e9gionales et Minoritaires, la langue catalane est aujourd&#8217;hui d\u00e9pourvue d&#8217;un cadre juridique permettant sa pr\u00e9servation et son d\u00e9veloppement: les collectivit\u00e9s territoriales et l&#8217;\u00c9tat se doivent de prot\u00e9ger le patrimoine culturel que constitue le catalan et d&#8217;en favoriser l&#8217;\u00e9tude scientifique et l&#8217;usage.<\/p>\n<p>Le Conseil G\u00e9n\u00e9ral se f\u00e9licite donc de l&#8217;appui qu&#8217;apportent les D\u00e9put\u00e9s espagnols par le vote d&#8217;une motion, \u00e0 la demande r\u00e9curente de ratification de la Charte par la France.<\/p>\n<p>Pour l&#8217;ensemble de ces raisons, le Conseil G\u00e9n\u00e9ral souhaite s&#8217;engager sur une charte d\u00e9finissant les fondements d&#8217;une politique linguistique et de reconnaissance de la langue catalane.<\/p>\n<p>ARTICLE 1:<br \/>\nLe Conseil G\u00e9n\u00e9ral des Pyr\u00e9n\u00e9es-Orientales reconna\u00eet officiellement, au c\u00f4t\u00e9 de la langue fran\u00e7aise, le catalan comme langue du d\u00e9partement.<\/p>\n<p>Il s&#8217;engage, \u00e0 travers cette Charte, \u00e0 \u00eatre un des acteurs de la p\u00e9rennisation de la langue et de la culture catalanes.<\/p>\n<p>ARTICLE 2:<br \/>\nLe Conseil G\u00e9n\u00e9ral des Pyr\u00e9n\u00e9es-Orientales reconna\u00eet l&#8217;Institut d&#8217;Estudis Catalans comme autorit\u00e9 linguistique et Acad\u00e9mie de la Langue Catalane pour l&#8217;ensemble du domaine linguistique catalan. Le Conseil G\u00e9n\u00e9ral s&#8217;engage, de fait, \u00e0 respecter les normes linguistiques \u00e9tablies par l&#8217;Institut d&#8217;Estudis Catalans.<\/p>\n<p>ARTICLE 3:<br \/>\nLes objectifs de la Charte D\u00e9partementale pour la Langue Catalane sont les suivants:<\/p>\n<ul>\n<li> garantir la survie et la transmission de la langue catalane, ce qui implique l&#8217;inversion de tendance de perte de locuteurs catalanophones;\n<li> permettre l&#8217;utilisation du catalan pour chaque habitant du d\u00e9partement qui le souhaite: apprendre, entendre, parler et lire le catalan;\n<li> assurer la pr\u00e9sence de la langue catalane dans les divers secteurs de la vie publique et sociale du d\u00e9partement gr\u00e2ce au d\u00e9veloppement du bilinguisme;\n<li> contribuer \u00e0 l&#8217;int\u00e9gration des nouveaux arrivants et participer \u00e0 la coh\u00e9sion sociale et au d\u00e9veloppement \u00e9conomique du d\u00e9partement gr\u00e2ce au respect de la personnalit\u00e9 linguistique et culturelle catalane.\n<\/ul>\n<p>ARTICLE 4:<br \/>\nDe mani\u00e8re g\u00e9n\u00e9rale, toutes les structures d\u00e9partementales (services, administrations, organismes associ\u00e9s et partenaires) int\u00e9grent la dimension de la langue catalane dans leurs fonctions et attributions, en particulier en ce qui concerne la communication avec le public et la signalisation.<\/p>\n<p>ARTICLE 5:<br \/>\nL&#8217;enseignement est la clef de vo\u00fbte de toute politique linguistique: il est l&#8217;outil basique et indispensable \u00e0 la transmission du catalan aux jeunes g\u00e9n\u00e9rations. Le Conseil G\u00e9n\u00e9ral se fixe comme priorit\u00e9s les points suivants:<\/p>\n<ul>\n<li> aide \u00e0 l&#8217;ouverture de classes bilingues\n<li> g\u00e9n\u00e9ralisation de la sensibilisation \u00e0 tous les enfants\n<li> aide au d\u00e9veloppement de la formation pour adultes\n<\/ul>\n<p>ARTICLE 6:<br \/>\nLe Conseil G\u00e9n\u00e9ral int\u00e8gre le principe g\u00e9n\u00e9ral de bilinguisme et\/ou pr\u00e9sence du catalan sur les supports signal\u00e9tiques et \u00e9quipements relevant de sa comp\u00e9tence. Le Conseil G\u00e9n\u00e9ral \u00e9tablit des conventions avec d&#8217;autres institutions: \u00c9tat, Generalitat (Gouvernement Autonome de Catalogne), afin d&#8217;appliquer ces principes \u00e0 la signal\u00e9tique non d\u00e9partementale pr\u00e9sente sur le territoire.<\/p>\n<p>ARTICLE 7:<br \/>\nLa langue catalane ne se limite pas \u00e0 une discipline scolaire. Sa pr\u00e9sence \u00e0 tous les niveaux de la vie publique et sociale doit \u00eatre garantie et encourag\u00e9e. Sur ce point, le r\u00f4le de la collectivit\u00e9 d\u00e9partementale est d\u00e9terminant afin d&#8217;assurer la vie effective au quotidien de la langue catalane.<\/p>\n<p>Ainsi le Conseil G\u00e9n\u00e9ral d\u00e9veloppe la pr\u00e9sence du catalan dans ses services, dans les documents qu&#8217;il produit (cartons d&#8217;invitation, bulletins, programmes, site Internet&#8230;), les campagnes et op\u00e9rations de communication.<\/p>\n<p>ARTICLE 8:<br \/>\nLa survie et l&#8217;utilisation de la langue catalane vont de pair avec une pr\u00e9sence et une diffusion permanente sur les mass medias (presse, t\u00e9l\u00e9vision, Internet).<\/p>\n<p>Dans ce secteur primordial en mati\u00e8re de pr\u00e9sence linguistique, le D\u00e9partement aide au d\u00e9veloppement des moyens de communication publics et priv\u00e9s en catalan. Il d\u00e9veloppe ses propres outils de communication en catalan (magazine, site web&#8230;) et en garantit la pr\u00e9sence.<\/p>\n<p>ARTICLE 9:<br \/>\nA l&#8217;instar des mesures de son action pour la d\u00e9fense et la promotion de la langue catalane, le Conseil G\u00e9n\u00e9ral s&#8217;engage \u00e0 mettre en place toutes les mesures susceptibles de conforter l&#8217;usage et la diffusion de la langue occitane sur le territoire concern\u00e9.\n<\/p><\/blockquote>\n","protected":false},"excerpt":{"rendered":"<p>El 25 de gener la not\u00edcia era (dtl) que l&#8217;estat franc\u00e9s col\u00b7laborava en l&#8217;emissi\u00f3 de la tv3. Ara Vilaweb (04.02.2008) ens comunica la satisfacci\u00f3 dels governs catal\u00e0 i balear per l&#8217;\u00aboficialitat\u00bb del catal\u00e0 a la Catalunya del Nord i del silenci del govern valenci\u00e0 &mdash;segurament envej\u00f3s d&#8217;una oficialitat tan publicit\u00e0ria i poc compromesa. El Consell [&hellip;]<\/p>\n","protected":false},"author":2,"featured_media":0,"comment_status":"open","ping_status":"open","sticky":false,"template":"","format":"standard","meta":{"footnotes":""},"categories":[4,1,47,19,27],"tags":[97,213,335],"class_list":["post-300","post","type-post","status-publish","format-standard","hentry","category-dret","category-general","category-planificacio","category-politica","category-sociolinguistica","tag-catalunya-del-nord","tag-franca","tag-oficialitat"],"_links":{"self":[{"href":"https:\/\/www.cdlpv.org\/dtl\/wp-json\/wp\/v2\/posts\/300","targetHints":{"allow":["GET"]}}],"collection":[{"href":"https:\/\/www.cdlpv.org\/dtl\/wp-json\/wp\/v2\/posts"}],"about":[{"href":"https:\/\/www.cdlpv.org\/dtl\/wp-json\/wp\/v2\/types\/post"}],"author":[{"embeddable":true,"href":"https:\/\/www.cdlpv.org\/dtl\/wp-json\/wp\/v2\/users\/2"}],"replies":[{"embeddable":true,"href":"https:\/\/www.cdlpv.org\/dtl\/wp-json\/wp\/v2\/comments?post=300"}],"version-history":[{"count":0,"href":"https:\/\/www.cdlpv.org\/dtl\/wp-json\/wp\/v2\/posts\/300\/revisions"}],"wp:attachment":[{"href":"https:\/\/www.cdlpv.org\/dtl\/wp-json\/wp\/v2\/media?parent=300"}],"wp:term":[{"taxonomy":"category","embeddable":true,"href":"https:\/\/www.cdlpv.org\/dtl\/wp-json\/wp\/v2\/categories?post=300"},{"taxonomy":"post_tag","embeddable":true,"href":"https:\/\/www.cdlpv.org\/dtl\/wp-json\/wp\/v2\/tags?post=300"}],"curies":[{"name":"wp","href":"https:\/\/api.w.org\/{rel}","templated":true}]}}