{"id":2998,"date":"2016-10-14T15:45:18","date_gmt":"2016-10-14T13:45:18","guid":{"rendered":"http:\/\/www.cdlpv.org\/dtl\/?p=2998"},"modified":"2016-10-14T13:34:57","modified_gmt":"2016-10-14T11:34:57","slug":"el-dnv-des-de-dos-punts-de-vista","status":"publish","type":"post","link":"https:\/\/www.cdlpv.org\/dtl\/2016\/10\/14\/el-dnv-des-de-dos-punts-de-vista\/","title":{"rendered":"El DNV des de dos punts de vista"},"content":{"rendered":"<p>En un mateix mitj\u00e0 d&#8217;informaci\u00f3, <em>Vilaweb<\/em>, podem llegir dos articles que mostren dos perspectives diferents i enfrontades sobre el mateix objecte, el <em>Diccionari normatiu valenci\u00e0<\/em> <span class=\"versaleta\"><em>(dnv)<\/em><\/span> que acaba de traure l&#8217;Acad\u00e8mia Valenciana de la Llengua en paper:<\/p>\n<blockquote>\n<ul>\n<li>Francesc Esteve: \u00abCalia un altre \u2013i ben contradictori\u2013 diccionari normatiu?\u00bb (Vilaweb, <a href=\"http:\/\/www.vilaweb.cat\/noticies\/calia-un-altre-i-ben-contradictori-diccionari-normatiu\/\" target=\"_blank\">29.09.2016<\/a>)<\/li>\n<li>Jordi Colomina: \u00abEl \u2018Diccionari Normatiu\u2019: una contribuci\u00f3 al benestar ling\u00fc\u00edstic dels valencians\u00bb (Vilaweb, <a href=\"http:\/\/www.vilaweb.cat\/noticies\/el-diccionari-normatiu-una-contribucio-al-benestar-linguistic-dels-valencians\/\" target=\"_blank\">09.10.2016<\/a>)<\/li>\n<\/ul>\n<\/blockquote>\n<p>La controv\u00e8rsia i la pol\u00e8mica ben articulades a trav\u00e9s dels mitjans s\u00f3n elements necessaris per a la vitalitat democr\u00e0tica de la societat i per a entendre que la llengua, m\u00e9s enll\u00e0 d&#8217;objecte de reflexi\u00f3 i estudi acad\u00e8mic, \u00e9s un element com\u00fa viu capa\u00e7 d&#8217;articular i de difondre totes les sensibilitats, les opinions i les ideologies.<\/p>\n","protected":false},"excerpt":{"rendered":"<p>En un mateix mitj\u00e0 d&#8217;informaci\u00f3, Vilaweb, podem llegir dos articles que mostren dos perspectives diferents i enfrontades sobre el mateix objecte, el Diccionari normatiu valenci\u00e0 (dnv) que acaba de traure l&#8217;Acad\u00e8mia Valenciana de la Llengua en paper: Francesc Esteve: \u00abCalia un altre \u2013i ben contradictori\u2013 diccionari normatiu?\u00bb (Vilaweb, 29.09.2016) Jordi Colomina: \u00abEl \u2018Diccionari Normatiu\u2019: una [&hellip;]<\/p>\n","protected":false},"author":56,"featured_media":0,"comment_status":"open","ping_status":"open","sticky":false,"template":"","format":"standard","meta":{"footnotes":""},"categories":[38,3,46,16,22],"tags":[144,313],"class_list":["post-2998","post","type-post","status-publish","format-standard","hentry","category-avl","category-documentacio","category-iec","category-lexicografia","category-recerca","tag-diccionaris","tag-mitjans-de-comunicacio"],"_links":{"self":[{"href":"https:\/\/www.cdlpv.org\/dtl\/wp-json\/wp\/v2\/posts\/2998","targetHints":{"allow":["GET"]}}],"collection":[{"href":"https:\/\/www.cdlpv.org\/dtl\/wp-json\/wp\/v2\/posts"}],"about":[{"href":"https:\/\/www.cdlpv.org\/dtl\/wp-json\/wp\/v2\/types\/post"}],"author":[{"embeddable":true,"href":"https:\/\/www.cdlpv.org\/dtl\/wp-json\/wp\/v2\/users\/56"}],"replies":[{"embeddable":true,"href":"https:\/\/www.cdlpv.org\/dtl\/wp-json\/wp\/v2\/comments?post=2998"}],"version-history":[{"count":1,"href":"https:\/\/www.cdlpv.org\/dtl\/wp-json\/wp\/v2\/posts\/2998\/revisions"}],"predecessor-version":[{"id":2999,"href":"https:\/\/www.cdlpv.org\/dtl\/wp-json\/wp\/v2\/posts\/2998\/revisions\/2999"}],"wp:attachment":[{"href":"https:\/\/www.cdlpv.org\/dtl\/wp-json\/wp\/v2\/media?parent=2998"}],"wp:term":[{"taxonomy":"category","embeddable":true,"href":"https:\/\/www.cdlpv.org\/dtl\/wp-json\/wp\/v2\/categories?post=2998"},{"taxonomy":"post_tag","embeddable":true,"href":"https:\/\/www.cdlpv.org\/dtl\/wp-json\/wp\/v2\/tags?post=2998"}],"curies":[{"name":"wp","href":"https:\/\/api.w.org\/{rel}","templated":true}]}}