{"id":2992,"date":"2016-10-01T22:30:09","date_gmt":"2016-10-01T20:30:09","guid":{"rendered":"http:\/\/www.cdlpv.org\/dtl\/?p=2992"},"modified":"2016-10-01T22:30:09","modified_gmt":"2016-10-01T20:30:09","slug":"avl-iec-renoven-el-diccionari-i-la-gramatica","status":"publish","type":"post","link":"https:\/\/www.cdlpv.org\/dtl\/2016\/10\/01\/avl-iec-renoven-el-diccionari-i-la-gramatica\/","title":{"rendered":"AVL-IEC: renoven el diccionari i la gram\u00e0tica"},"content":{"rendered":"<p>Pareix que dijous passat tocava: l&#8217;<span class=\"versaleta\">avl<\/span> <a href=\"http:\/\/www.eltemps.cat\/ca\/notices\/2016\/09\/el-diccionari-de-l-avl-que-el-pp-no-volia-16920.php\" target=\"_blank\">presentava<\/a> el seu diccionari, que fins ara nom\u00e9s existia en la <a href=\"http:\/\/www.avl.gva.es\/lexicval\/\" target=\"_blank\">xarxa<\/a>; i l&#8217;<span class=\"versaleta\">iec<\/span> <a href=\"http:\/\/dbalears.cat\/horitzons\/2016\/09\/29\/294434\/iec-presenta-gramatica-llengua-catalana-mes-moderna.html\" target=\"_blank\">presentava<\/a> la seua nova gram\u00e0tica, que fins ara nom\u00e9s existia com a esborrany tamb\u00e9 en la xarxa (i ara l&#8217;han eliminat). Vaja, en alguna cosa han coincidit les dos institucions. Ll\u00e0stima que nom\u00e9s siga en la contraprogramaci\u00f3.<\/p>\n<p>Com a novetats que han mogut el debat i despertat atenci\u00f3, podem esmentar un article en la revista <em>N\u00favol<\/em> sobre noves incorporacions del <span class=\"versaleta\"><em>dnv<\/em><\/span> elaborat per Felip Gumbau: <a href=\"http:\/\/www.nuvol.com\/opinio\/paraules-que-ja-no-son-barbarismes-segons-el-dnv\/\" target=\"_blank\">\u00abParaules que ja no s\u00f3n barbarismes segons el <span class=\"versaleta\"><em>dnv<\/em><\/span>\u00bb<\/a>; i quant a la gram\u00e0tica de l&#8217;<span class=\"versaleta\">iec<\/span>, doncs, <a href=\"https:\/\/www.nuvol.com\/noticies\/adeu-als-diacritics\/\" target=\"_blank\">\u00abAdeu als diacr\u00edtic\u00bb<\/a> en <em>N\u00favol<\/em>.<\/p>\n","protected":false},"excerpt":{"rendered":"<p>Pareix que dijous passat tocava: l&#8217;avl presentava el seu diccionari, que fins ara nom\u00e9s existia en la xarxa; i l&#8217;iec presentava la seua nova gram\u00e0tica, que fins ara nom\u00e9s existia com a esborrany tamb\u00e9 en la xarxa (i ara l&#8217;han eliminat). Vaja, en alguna cosa han coincidit les dos institucions. Ll\u00e0stima que nom\u00e9s siga en [&hellip;]<\/p>\n","protected":false},"author":56,"featured_media":0,"comment_status":"open","ping_status":"open","sticky":false,"template":"","format":"standard","meta":{"footnotes":""},"categories":[38,1,46,16,17],"tags":[144,227],"class_list":["post-2992","post","type-post","status-publish","format-standard","hentry","category-avl","category-general","category-iec","category-lexicografia","category-normativa","tag-diccionaris","tag-gramatica"],"_links":{"self":[{"href":"https:\/\/www.cdlpv.org\/dtl\/wp-json\/wp\/v2\/posts\/2992","targetHints":{"allow":["GET"]}}],"collection":[{"href":"https:\/\/www.cdlpv.org\/dtl\/wp-json\/wp\/v2\/posts"}],"about":[{"href":"https:\/\/www.cdlpv.org\/dtl\/wp-json\/wp\/v2\/types\/post"}],"author":[{"embeddable":true,"href":"https:\/\/www.cdlpv.org\/dtl\/wp-json\/wp\/v2\/users\/56"}],"replies":[{"embeddable":true,"href":"https:\/\/www.cdlpv.org\/dtl\/wp-json\/wp\/v2\/comments?post=2992"}],"version-history":[{"count":1,"href":"https:\/\/www.cdlpv.org\/dtl\/wp-json\/wp\/v2\/posts\/2992\/revisions"}],"predecessor-version":[{"id":2993,"href":"https:\/\/www.cdlpv.org\/dtl\/wp-json\/wp\/v2\/posts\/2992\/revisions\/2993"}],"wp:attachment":[{"href":"https:\/\/www.cdlpv.org\/dtl\/wp-json\/wp\/v2\/media?parent=2992"}],"wp:term":[{"taxonomy":"category","embeddable":true,"href":"https:\/\/www.cdlpv.org\/dtl\/wp-json\/wp\/v2\/categories?post=2992"},{"taxonomy":"post_tag","embeddable":true,"href":"https:\/\/www.cdlpv.org\/dtl\/wp-json\/wp\/v2\/tags?post=2992"}],"curies":[{"name":"wp","href":"https:\/\/api.w.org\/{rel}","templated":true}]}}