{"id":2988,"date":"2016-08-08T10:45:26","date_gmt":"2016-08-08T08:45:26","guid":{"rendered":"http:\/\/www.cdlpv.org\/dtl\/?p=2988"},"modified":"2016-08-08T10:45:26","modified_gmt":"2016-08-08T08:45:26","slug":"opo-2016-de-la-generalitat-valenciana-5-llocs-de-tecnic-linguistic","status":"publish","type":"post","link":"https:\/\/www.cdlpv.org\/dtl\/2016\/08\/08\/opo-2016-de-la-generalitat-valenciana-5-llocs-de-tecnic-linguistic\/","title":{"rendered":"OPO 2016 de la Generalitat valenciana: 5 llocs de t\u00e8cnic ling\u00fc\u00edstic"},"content":{"rendered":"<p>En el <a href=\"http:\/\/www.docv.gva.es\/datos\/2016\/08\/08\/pdf\/2016_6437.pdf\" target=\"_blank\">Decret 96\/2016<\/a>, que aprova l&#8217;oferta p\u00fablica d&#8217;ocupaci\u00f3 d&#8217;enguany per a l&#8217;administraci\u00f3 de la Generalitat valenciana, hi ha 5 llocs de treball de t\u00e8cnic ling\u00fc\u00edstic (\u00abA2-03 &#8211; superior gesti\u00f3 de promoci\u00f3 ling\u00fc\u00edstica\u00bb). Quatre corresponen al torn lliure i un al torn de \u00abpromoci\u00f3 interna espec\u00edfica per a la regularitzaci\u00f3 de la naturalesa jur\u00eddica del personal laboral fix (disposicions addicional segona i transit\u00f2ria cinquena, Llei 10\/2010)\u00bb.<\/p>\n","protected":false},"excerpt":{"rendered":"<p>En el Decret 96\/2016, que aprova l&#8217;oferta p\u00fablica d&#8217;ocupaci\u00f3 d&#8217;enguany per a l&#8217;administraci\u00f3 de la Generalitat valenciana, hi ha 5 llocs de treball de t\u00e8cnic ling\u00fc\u00edstic (\u00abA2-03 &#8211; superior gesti\u00f3 de promoci\u00f3 ling\u00fc\u00edstica\u00bb). Quatre corresponen al torn lliure i un al torn de \u00abpromoci\u00f3 interna espec\u00edfica per a la regularitzaci\u00f3 de la naturalesa jur\u00eddica del [&hellip;]<\/p>\n","protected":false},"author":56,"featured_media":0,"comment_status":"open","ping_status":"open","sticky":false,"template":"","format":"standard","meta":{"footnotes":""},"categories":[43,15,18],"tags":[224,334],"class_list":["post-2988","post","type-post","status-publish","format-standard","hentry","category-concursos","category-laboral","category-oposicions","tag-generalitat-valenciana","tag-ofertes"],"_links":{"self":[{"href":"https:\/\/www.cdlpv.org\/dtl\/wp-json\/wp\/v2\/posts\/2988","targetHints":{"allow":["GET"]}}],"collection":[{"href":"https:\/\/www.cdlpv.org\/dtl\/wp-json\/wp\/v2\/posts"}],"about":[{"href":"https:\/\/www.cdlpv.org\/dtl\/wp-json\/wp\/v2\/types\/post"}],"author":[{"embeddable":true,"href":"https:\/\/www.cdlpv.org\/dtl\/wp-json\/wp\/v2\/users\/56"}],"replies":[{"embeddable":true,"href":"https:\/\/www.cdlpv.org\/dtl\/wp-json\/wp\/v2\/comments?post=2988"}],"version-history":[{"count":1,"href":"https:\/\/www.cdlpv.org\/dtl\/wp-json\/wp\/v2\/posts\/2988\/revisions"}],"predecessor-version":[{"id":2989,"href":"https:\/\/www.cdlpv.org\/dtl\/wp-json\/wp\/v2\/posts\/2988\/revisions\/2989"}],"wp:attachment":[{"href":"https:\/\/www.cdlpv.org\/dtl\/wp-json\/wp\/v2\/media?parent=2988"}],"wp:term":[{"taxonomy":"category","embeddable":true,"href":"https:\/\/www.cdlpv.org\/dtl\/wp-json\/wp\/v2\/categories?post=2988"},{"taxonomy":"post_tag","embeddable":true,"href":"https:\/\/www.cdlpv.org\/dtl\/wp-json\/wp\/v2\/tags?post=2988"}],"curies":[{"name":"wp","href":"https:\/\/api.w.org\/{rel}","templated":true}]}}