{"id":2985,"date":"2016-08-02T15:30:06","date_gmt":"2016-08-02T13:30:06","guid":{"rendered":"http:\/\/www.cdlpv.org\/dtl\/?p=2985"},"modified":"2016-08-02T14:10:48","modified_gmt":"2016-08-02T12:10:48","slug":"reunio-de-lacademia-oberta-de-liec","status":"publish","type":"post","link":"https:\/\/www.cdlpv.org\/dtl\/2016\/08\/02\/reunio-de-lacademia-oberta-de-liec\/","title":{"rendered":"Reuni\u00f3 de l&#8217;Acad\u00e8mia Oberta de l&#8217;IEC"},"content":{"rendered":"<p>El butllet\u00ed del mes de juliol de l&#8217;<span class=\"versaleta\">iec<\/span> informa sobre una trobada del f\u00f2rum Acad\u00e8mia Oberta el 29 de juny passat (consulta: <a href=\"http:\/\/www.iec.cat\/activitats\/butlleti\/detall.asp?id_noticies=1738&#038;numero=211\" target=\"_blank\">02.08.2016<\/a>):<\/p>\n<blockquote>\n<h2>Gram\u00e0tica i ortografia centren la segona trobada de <em>L\u2019Acad\u00e8mia Oberta<\/em> amb els mitjans<\/h2>\n<p>L\u2019Acad\u00e8mia Oberta, el projecte per mitj\u00e0 del qual s\u2019articulen les relacions d\u2019intercanvi d\u2019informaci\u00f3 entre la Secci\u00f3 Filol\u00f2gica de l\u2019IEC i els col\u00b7lectius professionals de la llengua de tot el territori catalanoparlant, va reunir, per segona vegada, els responsables dels serveis ling\u00fc\u00edstics dels mitjans de comunicaci\u00f3 i divulgadors de la llengua. La reuni\u00f3 es va centrar, sobretot, en la Gram\u00e0tica de la llengua catalana i la nova Ortografia de l\u2019IEC, que es publicaran a final d\u2019any.<\/p>\n[&#8230;]\n<p>Per part dels mitjans, van assistir a la trobada Remei Bresc\u00f3, d\u2019<em>El Punt<\/em> Avui; Mag\u00ed Camps, de <em>La Vanguardia<\/em>; Lorena Catal\u00e1n, de BTV; Merc\u00e8 Espuny, del Grup Flaix; Ricard Fit\u00e9, d\u2019<em>El Peri\u00f3dico<\/em>; Enric Gom\u00e0, fil\u00f2leg i divulgador; Lloren\u00e7 Oliver, del <em>Diari de Balears<\/em>; Rudolf Ortega, d\u2019<em>El Pa\u00eds.cat<\/em>; Albert Pla, de l\u2019<em>Ara<\/em>; Ariadna Pous, d\u2019<em>El Pa\u00eds<\/em>; N\u00faria Puyuelo, fil\u00f2loga i divulgadora; Margalida Rossell\u00f3, de l\u2019<em>Ara Balears<\/em>; Ernest Rusin\u00e9s, de la Corporaci\u00f3 Catalana de Mitjans Audiovisuals; Jordi Sol\u00e9, editor de l\u2019<em>\u00c9sAdir<\/em>, i Pau Vidal, escriptor i divulgador.\n<\/p><\/blockquote>\n","protected":false},"excerpt":{"rendered":"<p>El butllet\u00ed del mes de juliol de l&#8217;iec informa sobre una trobada del f\u00f2rum Acad\u00e8mia Oberta el 29 de juny passat (consulta: 02.08.2016): Gram\u00e0tica i ortografia centren la segona trobada de L\u2019Acad\u00e8mia Oberta amb els mitjans L\u2019Acad\u00e8mia Oberta, el projecte per mitj\u00e0 del qual s\u2019articulen les relacions d\u2019intercanvi d\u2019informaci\u00f3 entre la Secci\u00f3 Filol\u00f2gica de l\u2019IEC [&hellip;]<\/p>\n","protected":false},"author":56,"featured_media":0,"comment_status":"open","ping_status":"open","sticky":false,"template":"","format":"standard","meta":{"footnotes":""},"categories":[2,46,17,26],"tags":[258,463,483],"class_list":["post-2985","post","type-post","status-publish","format-standard","hentry","category-comunicacio","category-iec","category-normativa","category-serveis-linguistics","tag-jornades","tag-tecnics","tag-trobades"],"_links":{"self":[{"href":"https:\/\/www.cdlpv.org\/dtl\/wp-json\/wp\/v2\/posts\/2985","targetHints":{"allow":["GET"]}}],"collection":[{"href":"https:\/\/www.cdlpv.org\/dtl\/wp-json\/wp\/v2\/posts"}],"about":[{"href":"https:\/\/www.cdlpv.org\/dtl\/wp-json\/wp\/v2\/types\/post"}],"author":[{"embeddable":true,"href":"https:\/\/www.cdlpv.org\/dtl\/wp-json\/wp\/v2\/users\/56"}],"replies":[{"embeddable":true,"href":"https:\/\/www.cdlpv.org\/dtl\/wp-json\/wp\/v2\/comments?post=2985"}],"version-history":[{"count":1,"href":"https:\/\/www.cdlpv.org\/dtl\/wp-json\/wp\/v2\/posts\/2985\/revisions"}],"predecessor-version":[{"id":2986,"href":"https:\/\/www.cdlpv.org\/dtl\/wp-json\/wp\/v2\/posts\/2985\/revisions\/2986"}],"wp:attachment":[{"href":"https:\/\/www.cdlpv.org\/dtl\/wp-json\/wp\/v2\/media?parent=2985"}],"wp:term":[{"taxonomy":"category","embeddable":true,"href":"https:\/\/www.cdlpv.org\/dtl\/wp-json\/wp\/v2\/categories?post=2985"},{"taxonomy":"post_tag","embeddable":true,"href":"https:\/\/www.cdlpv.org\/dtl\/wp-json\/wp\/v2\/tags?post=2985"}],"curies":[{"name":"wp","href":"https:\/\/api.w.org\/{rel}","templated":true}]}}