{"id":2982,"date":"2016-07-22T21:41:39","date_gmt":"2016-07-22T19:41:39","guid":{"rendered":"http:\/\/www.cdlpv.org\/dtl\/?p=2982"},"modified":"2016-07-22T21:41:39","modified_gmt":"2016-07-22T19:41:39","slug":"uns-apunts-sobre-la-iv-jornada-sobre-llengua-i-societat","status":"publish","type":"post","link":"https:\/\/www.cdlpv.org\/dtl\/2016\/07\/22\/uns-apunts-sobre-la-iv-jornada-sobre-llengua-i-societat\/","title":{"rendered":"Uns apunts sobre la IV Jornada sobre Llengua i Societat"},"content":{"rendered":"<p>La t\u00e8cnica ling\u00fc\u00edstica Teresa Tort Videllet fa unes reflexions en despr\u00e9s de participar en la IV Jornada sobre Llengua i Societat als Territoris de Parla Catalana (<em>Lliure i Millor.cat<\/em>, <a href=\"http:\/\/lliureimillor.cat\/2016\/07\/17\/depen-de-tu-algunes-reflexions-sobre-converses-bilingues-per-teresa-tort\/\" target=\"_blank\">17.07.2016<\/a>):<\/p>\n<blockquote><p><b>\u00abDep\u00e8n de tu? Algunes reflexions sobre converses biling\u00fces<\/b>, per Teresa Tort<\/p><\/blockquote>\n<p>Unes conclusions:<\/p>\n<blockquote><p>Siguem clars: no passar-se al castell\u00e0 innecess\u00e0riament \u00e9s com deixar de fumar. Significa canviar un h\u00e0bit o una conducta inconscient molt arrelada. Revertir aquesta norma, doncs, demanar\u00e0 unes fases imprescindibles: tindre consci\u00e8ncia dels perjudicis que provoquem amb aquesta conducta; voler canviar-la; fixar-nos objectius concrets per posar en pr\u00e0ctica la lleialtat activa\u00b2 i trobar la voluntat suficient per executar els objectius establerts. Com en tots aquests processos, si alg\u00fa ens acompanya en aquest cam\u00ed tot resultar\u00e0 m\u00e9s f\u00e0cil.<\/p><\/blockquote>\n","protected":false},"excerpt":{"rendered":"<p>La t\u00e8cnica ling\u00fc\u00edstica Teresa Tort Videllet fa unes reflexions en despr\u00e9s de participar en la IV Jornada sobre Llengua i Societat als Territoris de Parla Catalana (Lliure i Millor.cat, 17.07.2016): \u00abDep\u00e8n de tu? Algunes reflexions sobre converses biling\u00fces, per Teresa Tort Unes conclusions: Siguem clars: no passar-se al castell\u00e0 innecess\u00e0riament \u00e9s com deixar de fumar. [&hellip;]<\/p>\n","protected":false},"author":56,"featured_media":0,"comment_status":"open","ping_status":"open","sticky":false,"template":"","format":"standard","meta":{"footnotes":""},"categories":[47,19,27],"tags":[258],"class_list":["post-2982","post","type-post","status-publish","format-standard","hentry","category-planificacio","category-politica","category-sociolinguistica","tag-jornades"],"_links":{"self":[{"href":"https:\/\/www.cdlpv.org\/dtl\/wp-json\/wp\/v2\/posts\/2982","targetHints":{"allow":["GET"]}}],"collection":[{"href":"https:\/\/www.cdlpv.org\/dtl\/wp-json\/wp\/v2\/posts"}],"about":[{"href":"https:\/\/www.cdlpv.org\/dtl\/wp-json\/wp\/v2\/types\/post"}],"author":[{"embeddable":true,"href":"https:\/\/www.cdlpv.org\/dtl\/wp-json\/wp\/v2\/users\/56"}],"replies":[{"embeddable":true,"href":"https:\/\/www.cdlpv.org\/dtl\/wp-json\/wp\/v2\/comments?post=2982"}],"version-history":[{"count":1,"href":"https:\/\/www.cdlpv.org\/dtl\/wp-json\/wp\/v2\/posts\/2982\/revisions"}],"predecessor-version":[{"id":2983,"href":"https:\/\/www.cdlpv.org\/dtl\/wp-json\/wp\/v2\/posts\/2982\/revisions\/2983"}],"wp:attachment":[{"href":"https:\/\/www.cdlpv.org\/dtl\/wp-json\/wp\/v2\/media?parent=2982"}],"wp:term":[{"taxonomy":"category","embeddable":true,"href":"https:\/\/www.cdlpv.org\/dtl\/wp-json\/wp\/v2\/categories?post=2982"},{"taxonomy":"post_tag","embeddable":true,"href":"https:\/\/www.cdlpv.org\/dtl\/wp-json\/wp\/v2\/tags?post=2982"}],"curies":[{"name":"wp","href":"https:\/\/api.w.org\/{rel}","templated":true}]}}