{"id":298,"date":"2008-01-30T14:45:04","date_gmt":"2008-01-30T13:45:04","guid":{"rendered":"http:\/\/www.cdlpv.org\/dtl\/?p=298"},"modified":"2008-01-30T14:45:04","modified_gmt":"2008-01-30T13:45:04","slug":"espanyolisme-linguistic","status":"publish","type":"post","link":"https:\/\/www.cdlpv.org\/dtl\/2008\/01\/30\/espanyolisme-linguistic\/","title":{"rendered":"Espanyolisme ling\u00fc\u00edstic"},"content":{"rendered":"<p>Aix\u00f2 de tindre idees \u00e9s cosa d&#8217;estudi, de reflexi\u00f3, d&#8217;inspiraci\u00f3 i molt sovint, de silenci. Hi ha per\u00f2 qui considera que les idees s\u00f3n per a abatre alguna pe\u00e7a que es perseguix m\u00e9s o menys racionalment. Hi ha qui perseguix el poder i considera que amb unes quantes idees proclamades l&#8217;aconseguir\u00e0. Per exemple, Mariano Rajoy ha tingut la idea d&#8217;imposar l&#8217;espanyol a Espanya. Cap novetat, ja que \u00e9s una cosa que ja es diu en la Constituci\u00f3 espanyola i que t\u00e9 un efecte ben quantificable i constatable en cada escola, cada poble i cada casa de tota Espanya. Per\u00f2 Mariano Rajoy ha afinat la idea (<em>La Vanguardia<\/em>, <a href=\"http:\/\/www.lavanguardia.es\/lv24h\/20080120\/53428660956.html\" target=\"_blank\">20.01.2008<\/a>):<\/p>\n<blockquote><p>\nEl PP proposa que en les comunitats amb lleng\u00fces cooficials es \u00abgarantixquen els drets preferents de pares i alumnes perqu\u00e8 en tots els cursos i en totes les etapes educatives la llengua castellana s&#8217;oferixca com a llengua vehicular al costat de la cooficial\u00bb.\n<\/p><\/blockquote>\n<p>Podem constatar que hi ha unes suposades lleng\u00fces \u00abcooficials\u00bb, terme inexistent en l&#8217;ordenament jur\u00eddic \u2014pel que s\u00e9\u2014, ja que o s\u00f3n oficials o no, i para de comptar. A m\u00e9s, la pensada t\u00e9 subst\u00e0ncia, perqu\u00e8 es tracta que els pares \u2014pel que he sentit hui a la r\u00e0dio\u2014 decidixquen no tant que els seus alumnes s\u00e0pien m\u00e9s lleng\u00fces, sin\u00f3 que siguen educats en una llengua, una proposta ideol\u00f2gica que no pret\u00e9n garantir l&#8217;aprenentatge de res, sin\u00f3 el nacionalisme ling\u00fc\u00edstic. Integrisme espanyol, vaja, i tampoc podem dir que la cosa siga nova.<\/p>\n<p>En eixa estela, Luis Bernardo D\u00edaz Alperi ho t\u00e9 molt clar, des del Pa\u00eds Valenci\u00e0 estant, all\u00e0 on el seu partit branda senyes d&#8217;identitat com la llengua, per\u00f2 nom\u00e9s per a agarrar acalorades, ja que a l&#8217;hora de fer-ne \u00fas amb normalitat no els ix, dir\u00edem (<em>El Pa\u00eds<\/em>, <a href=\"http:\/\/www.elpais.com\/articulo\/Comunidad\/Valenciana\/Alperi\/ignora\/valenciano\/web\/turistica\/Alicante\/elpepiespval\/20080130elpval_15\/Tes\" target=\"_blank\">30.01.2008<\/a>):<\/p>\n<blockquote>\n<h2>Alperi ignora el valenci\u00e0 en el web tur\u00edstic d&#8217;Alacant<\/h2>\n<h5>Rosa Biot &#8211; Alacant &#8211; 30.01.2008<\/h5>\n<p>En angl\u00e9s, franc\u00e9s, alemany i, per descomptat, en castell\u00e0. Per\u00f2 no en valenci\u00e0. El Patronat Municipal de Turisme de l&#8217;Ajuntament d&#8217;Alacant, que presidix Luis D\u00edaz Alperi, del PP, va presentar ahir en roda de premsa un nou web tur\u00edstic, que entra hui en funcionament amb motiu de la celebraci\u00f3 a Madrid de la fira de turisme (Fitur). Es pot vore en quatre idiomes, per\u00f2 no est\u00e0 disponible en valenci\u00e0, un dels dos oficials de la Comunitat Valenciana. La p\u00e0gina virtual de l&#8217;Ajuntament de la ciutat s\u00ed que oferix l&#8217;opci\u00f3 als ciutadans de vore la informaci\u00f3 en valenci\u00e0, encara que els seus continguts estan nom\u00e9s parcialment tradu\u00efts.<\/p>\n<p>L&#8217;oblit del valenci\u00e0 en la nova p\u00e0gina web en la qual l&#8217;Ajuntament d&#8217;Alacant mostra l&#8217;oferta d&#8217;oci de la ciutat es produ\u00efx a pesar que el 38,9&nbsp;% dels viatgers que va rebre l&#8217;any passat la prov\u00edncia d&#8217;Alacant procedien de diferents punts de la Comunitat Valenciana i un 7,8&nbsp;% de Catalunya, segons el balan\u00e7 d&#8217;ocupaci\u00f3 tur\u00edstica de l&#8217;any passat realitzat per l&#8217;Institut Nacional d&#8217;Estad\u00edstica <span class=\"versaleta\">(ine)<\/span>.[&#8230;]\n<\/p><\/blockquote>\n<p>Naturalment, conv\u00e9 consultar el butllet\u00ed <a href=\"http:\/\/www.cercle21.cat\/newsletter\/\" target=\"_blank\">n\u00famero 5<\/a> de Cercle XXI per a comprendre una mica m\u00e9s sobre l&#8217;espanyolisme ling\u00fc\u00edstic reviscolat, que ha passat de la vergonya pel que van fer durant segles a la poca vergonya i a la sup\u00e8rbia pel que es pensen que s\u00f3n i pel que diuen que volen fer d&#8217;ara en avant, sense cap \u00e0nim <a href=\"http:\/\/www.cdlpv.org\/Fitxes\/Textos\/C\/castella.htm\" target=\"_blank\">d&#8217;esmena<\/a>, per cert.<\/p>\n","protected":false},"excerpt":{"rendered":"<p>Aix\u00f2 de tindre idees \u00e9s cosa d&#8217;estudi, de reflexi\u00f3, d&#8217;inspiraci\u00f3 i molt sovint, de silenci. Hi ha per\u00f2 qui considera que les idees s\u00f3n per a abatre alguna pe\u00e7a que es perseguix m\u00e9s o menys racionalment. Hi ha qui perseguix el poder i considera que amb unes quantes idees proclamades l&#8217;aconseguir\u00e0. Per exemple, Mariano Rajoy [&hellip;]<\/p>\n","protected":false},"author":2,"featured_media":0,"comment_status":"open","ping_status":"open","sticky":false,"template":"","format":"standard","meta":{"footnotes":""},"categories":[36,2,45,1,47,19,24,27],"tags":[168,179,186,287,325,401],"class_list":["post-298","post","type-post","status-publish","format-standard","hentry","category-allofobia","category-comunicacio","category-ensenyament","category-general","category-planificacio","category-politica","category-requisit-linguistic","category-sociolinguistica","tag-eleccions","tag-ensenyament","tag-espanyolisme","tag-llengues","tag-nacionalisme","tag-rajoy"],"_links":{"self":[{"href":"https:\/\/www.cdlpv.org\/dtl\/wp-json\/wp\/v2\/posts\/298","targetHints":{"allow":["GET"]}}],"collection":[{"href":"https:\/\/www.cdlpv.org\/dtl\/wp-json\/wp\/v2\/posts"}],"about":[{"href":"https:\/\/www.cdlpv.org\/dtl\/wp-json\/wp\/v2\/types\/post"}],"author":[{"embeddable":true,"href":"https:\/\/www.cdlpv.org\/dtl\/wp-json\/wp\/v2\/users\/2"}],"replies":[{"embeddable":true,"href":"https:\/\/www.cdlpv.org\/dtl\/wp-json\/wp\/v2\/comments?post=298"}],"version-history":[{"count":0,"href":"https:\/\/www.cdlpv.org\/dtl\/wp-json\/wp\/v2\/posts\/298\/revisions"}],"wp:attachment":[{"href":"https:\/\/www.cdlpv.org\/dtl\/wp-json\/wp\/v2\/media?parent=298"}],"wp:term":[{"taxonomy":"category","embeddable":true,"href":"https:\/\/www.cdlpv.org\/dtl\/wp-json\/wp\/v2\/categories?post=298"},{"taxonomy":"post_tag","embeddable":true,"href":"https:\/\/www.cdlpv.org\/dtl\/wp-json\/wp\/v2\/tags?post=298"}],"curies":[{"name":"wp","href":"https:\/\/api.w.org\/{rel}","templated":true}]}}