{"id":2977,"date":"2016-06-13T09:29:44","date_gmt":"2016-06-13T07:29:44","guid":{"rendered":"http:\/\/www.cdlpv.org\/dtl\/?p=2977"},"modified":"2016-06-13T09:29:44","modified_gmt":"2016-06-13T07:29:44","slug":"jornada-sobre-les-llengues-i-les-politiques-linguistiques","status":"publish","type":"post","link":"https:\/\/www.cdlpv.org\/dtl\/2016\/06\/13\/jornada-sobre-les-llengues-i-les-politiques-linguistiques\/","title":{"rendered":"Jornada sobre les lleng\u00fces i les pol\u00edtiques ling\u00fc\u00edstiques"},"content":{"rendered":"<p>La Generalitat de Catalunya organitza la IV Jornada sobre Llengua i Societat als Territoris de Parla Catalana:<\/p>\n<blockquote><p><strong>7 de juliol de 2016<br \/>\n<\/strong><strong>9:30 h &#8211; 14:00 h<\/strong><br \/>\n<strong>Ateneu Barcelon\u00e8s<\/strong><br \/>\n<strong>c. Canuda, 6, 08002, Barcelona<br \/>\n<\/strong><strong><a href=\"https:\/\/www.google.es\/maps\/place\/Ateneu+Barcelon%C3%A8s\/@41.3845875,2.1715697,15z\/data=!4m5!3m4!1s0x0:0x9f540846f448052d!8m2!3d41.3845875!4d2.1715697\" target=\"_blank\">Mapa<\/a><\/strong><\/p>\n<p>La Direcci\u00f3 General de Pol\u00edtica Ling\u00fc\u00edstica del Departament de Cultura organitza la IV Jornada sobre Llengua i Societat als Territoris de Parla Catalana. Pol\u00edtiques ling\u00fc\u00edstiques per a una llengua amb futur.<\/p>\n<p>A la Jornada es presentaran per primera vegada des de 2004 les principals dades sobre els coneixements, els usos i les representacions de les lleng\u00fces al conjunt de territoris de parla catalana a partir de les dades recollides per les enquestes d\u2019usos ling\u00fc\u00edstics de la poblaci\u00f3 que els diversos governs i institucions acad\u00e8miques han dut a terme al llarg dels anys 2014 i 2015.<\/p>\n<p>Es far\u00e0 tamb\u00e9 una l\u2019an\u00e0lisi global de la situaci\u00f3. Tenint en compte els punts forts i punts febles que t\u00e9 el catal\u00e0, se\u2019n tra\u00e7aran les\u00a0perspectives de futur. Tamb\u00e9 hi intervindran representants institucionals de tots els territoris, que exposaran les pol\u00edtiques ling\u00fc\u00edstiques que hi duen a terme.<\/p><\/blockquote>\n<p>M\u00e9s informaci\u00f3: <a href=\"http:\/\/llengua.gencat.cat\/ca\/serveis\/informacio_i_difusio\/dades_i_estudis\/IV-Jornada-Llengua-i-Societat\/\">Gencat.cat<\/a>.<\/p>\n","protected":false},"excerpt":{"rendered":"<p>La Generalitat de Catalunya organitza la IV Jornada sobre Llengua i Societat als Territoris de Parla Catalana: 7 de juliol de 2016 9:30 h &#8211; 14:00 h Ateneu Barcelon\u00e8s c. Canuda, 6, 08002, Barcelona Mapa La Direcci\u00f3 General de Pol\u00edtica Ling\u00fc\u00edstica del Departament de Cultura organitza la IV Jornada sobre Llengua i Societat als Territoris [&hellip;]<\/p>\n","protected":false},"author":56,"featured_media":0,"comment_status":"open","ping_status":"open","sticky":false,"template":"","format":"standard","meta":{"footnotes":""},"categories":[10,47,19,22,26,27],"tags":[258],"class_list":["post-2977","post","type-post","status-publish","format-standard","hentry","category-formacio","category-planificacio","category-politica","category-recerca","category-serveis-linguistics","category-sociolinguistica","tag-jornades"],"_links":{"self":[{"href":"https:\/\/www.cdlpv.org\/dtl\/wp-json\/wp\/v2\/posts\/2977","targetHints":{"allow":["GET"]}}],"collection":[{"href":"https:\/\/www.cdlpv.org\/dtl\/wp-json\/wp\/v2\/posts"}],"about":[{"href":"https:\/\/www.cdlpv.org\/dtl\/wp-json\/wp\/v2\/types\/post"}],"author":[{"embeddable":true,"href":"https:\/\/www.cdlpv.org\/dtl\/wp-json\/wp\/v2\/users\/56"}],"replies":[{"embeddable":true,"href":"https:\/\/www.cdlpv.org\/dtl\/wp-json\/wp\/v2\/comments?post=2977"}],"version-history":[{"count":1,"href":"https:\/\/www.cdlpv.org\/dtl\/wp-json\/wp\/v2\/posts\/2977\/revisions"}],"predecessor-version":[{"id":2978,"href":"https:\/\/www.cdlpv.org\/dtl\/wp-json\/wp\/v2\/posts\/2977\/revisions\/2978"}],"wp:attachment":[{"href":"https:\/\/www.cdlpv.org\/dtl\/wp-json\/wp\/v2\/media?parent=2977"}],"wp:term":[{"taxonomy":"category","embeddable":true,"href":"https:\/\/www.cdlpv.org\/dtl\/wp-json\/wp\/v2\/categories?post=2977"},{"taxonomy":"post_tag","embeddable":true,"href":"https:\/\/www.cdlpv.org\/dtl\/wp-json\/wp\/v2\/tags?post=2977"}],"curies":[{"name":"wp","href":"https:\/\/api.w.org\/{rel}","templated":true}]}}