{"id":2974,"date":"2016-06-09T12:40:12","date_gmt":"2016-06-09T10:40:12","guid":{"rendered":"http:\/\/www.cdlpv.org\/dtl\/?p=2974"},"modified":"2016-06-09T12:40:20","modified_gmt":"2016-06-09T10:40:20","slug":"denominacions-oficials-el-real-de-gandia","status":"publish","type":"post","link":"https:\/\/www.cdlpv.org\/dtl\/2016\/06\/09\/denominacions-oficials-el-real-de-gandia\/","title":{"rendered":"Denominacions oficials: el Real de Gandia"},"content":{"rendered":"<p>El municipi del Real de Gandia (Safor) ha fixat la forma oficial del seu nom (DOCV, 07.06.2016; <span class=\"versaleta\"><a href=\"http:\/\/www.docv.gva.es\/datos\/2016\/06\/07\/pdf\/2016_4174.pdf\" target=\"_blank\">[pdf]<\/a><\/span>):<\/p>\n<blockquote><p>Decret 68\/2016, de 3 de juny, del Consell, pel qual s\u2019aprova el canvi de denominaci\u00f3 del municipi de Real de Gand\u00eda per la forma exclusiva en valenci\u00e0 el Real de Gandia.<\/p><\/blockquote>\n<p>M\u00e9s denominacions oficials en: <a href=\"http:\/\/www.cdlpv.org\/fitxes\/municipis-i-comarques-del-pais-valencia\/\" target=\"_blank\">Municipis i comarques (PV)<\/a>.<\/p>\n","protected":false},"excerpt":{"rendered":"<p>El municipi del Real de Gandia (Safor) ha fixat la forma oficial del seu nom (DOCV, 07.06.2016; [pdf]): Decret 68\/2016, de 3 de juny, del Consell, pel qual s\u2019aprova el canvi de denominaci\u00f3 del municipi de Real de Gand\u00eda per la forma exclusiva en valenci\u00e0 el Real de Gandia. M\u00e9s denominacions oficials en: Municipis i [&hellip;]<\/p>\n","protected":false},"author":56,"featured_media":0,"comment_status":"open","ping_status":"open","sticky":false,"template":"","format":"standard","meta":{"footnotes":""},"categories":[32],"tags":[50],"class_list":["post-2974","post","type-post","status-publish","format-standard","hentry","category-toponimia","tag-administracio-local"],"_links":{"self":[{"href":"https:\/\/www.cdlpv.org\/dtl\/wp-json\/wp\/v2\/posts\/2974","targetHints":{"allow":["GET"]}}],"collection":[{"href":"https:\/\/www.cdlpv.org\/dtl\/wp-json\/wp\/v2\/posts"}],"about":[{"href":"https:\/\/www.cdlpv.org\/dtl\/wp-json\/wp\/v2\/types\/post"}],"author":[{"embeddable":true,"href":"https:\/\/www.cdlpv.org\/dtl\/wp-json\/wp\/v2\/users\/56"}],"replies":[{"embeddable":true,"href":"https:\/\/www.cdlpv.org\/dtl\/wp-json\/wp\/v2\/comments?post=2974"}],"version-history":[{"count":2,"href":"https:\/\/www.cdlpv.org\/dtl\/wp-json\/wp\/v2\/posts\/2974\/revisions"}],"predecessor-version":[{"id":2976,"href":"https:\/\/www.cdlpv.org\/dtl\/wp-json\/wp\/v2\/posts\/2974\/revisions\/2976"}],"wp:attachment":[{"href":"https:\/\/www.cdlpv.org\/dtl\/wp-json\/wp\/v2\/media?parent=2974"}],"wp:term":[{"taxonomy":"category","embeddable":true,"href":"https:\/\/www.cdlpv.org\/dtl\/wp-json\/wp\/v2\/categories?post=2974"},{"taxonomy":"post_tag","embeddable":true,"href":"https:\/\/www.cdlpv.org\/dtl\/wp-json\/wp\/v2\/tags?post=2974"}],"curies":[{"name":"wp","href":"https:\/\/api.w.org\/{rel}","templated":true}]}}