{"id":296,"date":"2008-01-29T14:09:17","date_gmt":"2008-01-29T13:09:17","guid":{"rendered":"http:\/\/www.cdlpv.org\/dtl\/?p=296"},"modified":"2008-01-29T14:09:17","modified_gmt":"2008-01-29T13:09:17","slug":"equivalencies-dels-certificats-de-coneixements-de-catala","status":"publish","type":"post","link":"https:\/\/www.cdlpv.org\/dtl\/2008\/01\/29\/equivalencies-dels-certificats-de-coneixements-de-catala\/","title":{"rendered":"Equival\u00e8ncies dels certificats de coneixements de catal\u00e0"},"content":{"rendered":"<p>Xavier Rull (InfoZ\u00e8fir, 28.01.2008) aporta la informaci\u00f3 seg\u00fcent sobre equival\u00e8ncies pel que fa als coneixements de catal\u00e0:<\/p>\n<blockquote><p>\n<a href=\"http:\/\/www.gencat.net\/diari\/5057\/08018009.htm\" target=\"_blank\">ORDRE VCP\/17\/2008<\/a>, de 14 de gener, de segona modificaci\u00f3 de l&#8217;Ordre PRE\/228\/2004, de 21 de juny, sobre els t\u00edtols, diplomes i certificats equivalents als certificats de coneixements de catal\u00e0 de la Secretaria de Pol\u00edtica Ling\u00fc\u00edstica, modificada per l&#8217;Ordre VCP\/13\/2007, de 24 de gener.<\/p>\n<p><em>Diari Oficial de la Generalitat de Catalunya<\/em> n\u00fam. 5&nbsp;057 (28.01.2008)\n<\/p><\/blockquote>\n","protected":false},"excerpt":{"rendered":"<p>Xavier Rull (InfoZ\u00e8fir, 28.01.2008) aporta la informaci\u00f3 seg\u00fcent sobre equival\u00e8ncies pel que fa als coneixements de catal\u00e0: ORDRE VCP\/17\/2008, de 14 de gener, de segona modificaci\u00f3 de l&#8217;Ordre PRE\/228\/2004, de 21 de juny, sobre els t\u00edtols, diplomes i certificats equivalents als certificats de coneixements de catal\u00e0 de la Secretaria de Pol\u00edtica Ling\u00fc\u00edstica, modificada per l&#8217;Ordre [&hellip;]<\/p>\n","protected":false},"author":2,"featured_media":0,"comment_status":"open","ping_status":"open","sticky":false,"template":"","format":"standard","meta":{"footnotes":""},"categories":[10,1,47,24],"tags":[101,223,376],"class_list":["post-296","post","type-post","status-publish","format-standard","hentry","category-formacio","category-general","category-planificacio","category-requisit-linguistic","tag-certificats","tag-generalitat-de-catalunya","tag-politica-linguistica"],"_links":{"self":[{"href":"https:\/\/www.cdlpv.org\/dtl\/wp-json\/wp\/v2\/posts\/296","targetHints":{"allow":["GET"]}}],"collection":[{"href":"https:\/\/www.cdlpv.org\/dtl\/wp-json\/wp\/v2\/posts"}],"about":[{"href":"https:\/\/www.cdlpv.org\/dtl\/wp-json\/wp\/v2\/types\/post"}],"author":[{"embeddable":true,"href":"https:\/\/www.cdlpv.org\/dtl\/wp-json\/wp\/v2\/users\/2"}],"replies":[{"embeddable":true,"href":"https:\/\/www.cdlpv.org\/dtl\/wp-json\/wp\/v2\/comments?post=296"}],"version-history":[{"count":0,"href":"https:\/\/www.cdlpv.org\/dtl\/wp-json\/wp\/v2\/posts\/296\/revisions"}],"wp:attachment":[{"href":"https:\/\/www.cdlpv.org\/dtl\/wp-json\/wp\/v2\/media?parent=296"}],"wp:term":[{"taxonomy":"category","embeddable":true,"href":"https:\/\/www.cdlpv.org\/dtl\/wp-json\/wp\/v2\/categories?post=296"},{"taxonomy":"post_tag","embeddable":true,"href":"https:\/\/www.cdlpv.org\/dtl\/wp-json\/wp\/v2\/tags?post=296"}],"curies":[{"name":"wp","href":"https:\/\/api.w.org\/{rel}","templated":true}]}}