{"id":2959,"date":"2016-05-18T17:50:15","date_gmt":"2016-05-18T15:50:15","guid":{"rendered":"http:\/\/www.cdlpv.org\/dtl\/?p=2959"},"modified":"2016-05-18T17:50:15","modified_gmt":"2016-05-18T15:50:15","slug":"la-politica-linguistica-estatal-en-la-primavera-educativa-valenciana","status":"publish","type":"post","link":"https:\/\/www.cdlpv.org\/dtl\/2016\/05\/18\/la-politica-linguistica-estatal-en-la-primavera-educativa-valenciana\/","title":{"rendered":"La pol\u00edtica ling\u00fc\u00edstica estatal en la Primavera Educativa valenciana"},"content":{"rendered":"<p>Les jornades de la Primavera Educativa van acollir un seminari de pol\u00edtica ling\u00fc\u00edstica. La DGPL de la Generalitat de Catalunya n&#8217;ha fet un petit <a href=\"http:\/\/llengua.gencat.cat\/ca\/detalls\/noticia\/La-PrimaveraEducativa-acull-el-Seminari-de-Politica-Lingueistica-de-lEstat\" target=\"_blank\">resum<\/a> en els butllet\u00ed <em>Tocs de Llengua<\/em> (n\u00fam. 60):<\/p>\n<blockquote>\n<h3>Els responsables de pol\u00edtica ling\u00fc\u00edstica dels diferents territoris amb llengua pr\u00f2pia van identificar prioritats, estrat\u00e8gies i l\u00ednies d&#8217;actuaci\u00f3 conjuntes en la promoci\u00f3 del multiling\u00fcisme<\/h3>\n<h3>A l&#8217;acte hi van participar representants del Pa\u00eds Basc, Catalunya, Gal\u00edcia, Ast\u00faries, Comunitat Valenciana, Arag\u00f3, Navarra i Illes Balears<\/h3>\n<p>Dins del projecte Primavera Educativa i en el marc del congr\u00e9s \u00abL&#8217;aposta pel multiling\u00fcisme. 15 anys de Marc Europeu Com\u00fa de Refer\u00e8ncia i Portfolio Europeu de les Lleng\u00fces\u00bb, la Direcci\u00f3 General de Pol\u00edtica Ling\u00fc\u00edstica i Gesti\u00f3 del Multiling\u00fcisme de la Generalitat Valenciana va organitzar el Seminari de responsables de Pol\u00edtica Ling\u00fc\u00edstica de l&#8217;Estat, el 14 de maig, al Centre del Carme de la ciutat de Val\u00e8ncia.<br \/>\n<a href=\"http:\/\/llengua.gencat.cat\/ca\/detalls\/noticia\/La-PrimaveraEducativa-acull-el-Seminari-de-Politica-Lingueistica-de-lEstat\" target=\"_blank\">[&#8230;]<\/a><\/p><\/blockquote>\n","protected":false},"excerpt":{"rendered":"<p>Les jornades de la Primavera Educativa van acollir un seminari de pol\u00edtica ling\u00fc\u00edstica. La DGPL de la Generalitat de Catalunya n&#8217;ha fet un petit resum en els butllet\u00ed Tocs de Llengua (n\u00fam. 60): Els responsables de pol\u00edtica ling\u00fc\u00edstica dels diferents territoris amb llengua pr\u00f2pia van identificar prioritats, estrat\u00e8gies i l\u00ednies d&#8217;actuaci\u00f3 conjuntes en la promoci\u00f3 [&hellip;]<\/p>\n","protected":false},"author":56,"featured_media":0,"comment_status":"open","ping_status":"open","sticky":false,"template":"","format":"standard","meta":{"footnotes":""},"categories":[2,4,47,27],"tags":[224,376],"class_list":["post-2959","post","type-post","status-publish","format-standard","hentry","category-comunicacio","category-dret","category-planificacio","category-sociolinguistica","tag-generalitat-valenciana","tag-politica-linguistica"],"_links":{"self":[{"href":"https:\/\/www.cdlpv.org\/dtl\/wp-json\/wp\/v2\/posts\/2959","targetHints":{"allow":["GET"]}}],"collection":[{"href":"https:\/\/www.cdlpv.org\/dtl\/wp-json\/wp\/v2\/posts"}],"about":[{"href":"https:\/\/www.cdlpv.org\/dtl\/wp-json\/wp\/v2\/types\/post"}],"author":[{"embeddable":true,"href":"https:\/\/www.cdlpv.org\/dtl\/wp-json\/wp\/v2\/users\/56"}],"replies":[{"embeddable":true,"href":"https:\/\/www.cdlpv.org\/dtl\/wp-json\/wp\/v2\/comments?post=2959"}],"version-history":[{"count":1,"href":"https:\/\/www.cdlpv.org\/dtl\/wp-json\/wp\/v2\/posts\/2959\/revisions"}],"predecessor-version":[{"id":2960,"href":"https:\/\/www.cdlpv.org\/dtl\/wp-json\/wp\/v2\/posts\/2959\/revisions\/2960"}],"wp:attachment":[{"href":"https:\/\/www.cdlpv.org\/dtl\/wp-json\/wp\/v2\/media?parent=2959"}],"wp:term":[{"taxonomy":"category","embeddable":true,"href":"https:\/\/www.cdlpv.org\/dtl\/wp-json\/wp\/v2\/categories?post=2959"},{"taxonomy":"post_tag","embeddable":true,"href":"https:\/\/www.cdlpv.org\/dtl\/wp-json\/wp\/v2\/tags?post=2959"}],"curies":[{"name":"wp","href":"https:\/\/api.w.org\/{rel}","templated":true}]}}