{"id":2949,"date":"2016-04-14T16:30:41","date_gmt":"2016-04-14T15:30:41","guid":{"rendered":"http:\/\/www.cdlpv.org\/dtl\/?p=2949"},"modified":"2016-05-19T11:45:24","modified_gmt":"2016-05-19T09:45:24","slug":"denominacions-oficials-benissano","status":"publish","type":"post","link":"https:\/\/www.cdlpv.org\/dtl\/2016\/04\/14\/denominacions-oficials-benissano\/","title":{"rendered":"Denominacions oficials: Benissan\u00f3"},"content":{"rendered":"<p>El municipi de\u00a0Benissan\u00f3 (Camp de T\u00faria) ha fixat la forma oficial del seu nom (<span class=\"versaleta\"><em>docv<\/em><\/span>, 01.04.2016; <span class=\"versaleta\"><a href=\"http:\/\/www.docv.gva.es\/datos\/2016\/04\/01\/pdf\/2016_2158.pdf\" target=\"_blank\">[pdf]<\/a><\/span>):<\/p>\n<blockquote>\n<p align=\"LEFT\">Decret 31\/2016, de 23 de mar\u00e7, del Consell, pel qual s\u2019aprova el canvi de denominaci\u00f3 del municipi Benisan\u00f3 per la forma exclusiva en valenci\u00e0 de Benissan\u00f3 <span class=\"versaleta\"><a href=\"http:\/\/www.docv.gva.es\/datos\/2016\/04\/01\/pdf\/2016_2158.pdf\" target=\"_blank\">[pdf]<\/a><\/span><\/p>\n<\/blockquote>\n<p>M\u00e9s denominacions oficials en: <a href=\"http:\/\/www.cdlpv.org\/fitxes\/municipis-i-comarques-del-pais-valencia\/\" target=\"_blank\">Municipis i comarques (PV)<\/a>.<\/p>\n","protected":false},"excerpt":{"rendered":"<p>El municipi de\u00a0Benissan\u00f3 (Camp de T\u00faria) ha fixat la forma oficial del seu nom (docv, 01.04.2016; [pdf]): Decret 31\/2016, de 23 de mar\u00e7, del Consell, pel qual s\u2019aprova el canvi de denominaci\u00f3 del municipi Benisan\u00f3 per la forma exclusiva en valenci\u00e0 de Benissan\u00f3 [pdf] M\u00e9s denominacions oficials en: Municipis i comarques (PV).<\/p>\n","protected":false},"author":56,"featured_media":0,"comment_status":"open","ping_status":"open","sticky":false,"template":"","format":"standard","meta":{"footnotes":""},"categories":[32],"tags":[50],"class_list":["post-2949","post","type-post","status-publish","format-standard","hentry","category-toponimia","tag-administracio-local"],"_links":{"self":[{"href":"https:\/\/www.cdlpv.org\/dtl\/wp-json\/wp\/v2\/posts\/2949","targetHints":{"allow":["GET"]}}],"collection":[{"href":"https:\/\/www.cdlpv.org\/dtl\/wp-json\/wp\/v2\/posts"}],"about":[{"href":"https:\/\/www.cdlpv.org\/dtl\/wp-json\/wp\/v2\/types\/post"}],"author":[{"embeddable":true,"href":"https:\/\/www.cdlpv.org\/dtl\/wp-json\/wp\/v2\/users\/56"}],"replies":[{"embeddable":true,"href":"https:\/\/www.cdlpv.org\/dtl\/wp-json\/wp\/v2\/comments?post=2949"}],"version-history":[{"count":2,"href":"https:\/\/www.cdlpv.org\/dtl\/wp-json\/wp\/v2\/posts\/2949\/revisions"}],"predecessor-version":[{"id":2965,"href":"https:\/\/www.cdlpv.org\/dtl\/wp-json\/wp\/v2\/posts\/2949\/revisions\/2965"}],"wp:attachment":[{"href":"https:\/\/www.cdlpv.org\/dtl\/wp-json\/wp\/v2\/media?parent=2949"}],"wp:term":[{"taxonomy":"category","embeddable":true,"href":"https:\/\/www.cdlpv.org\/dtl\/wp-json\/wp\/v2\/categories?post=2949"},{"taxonomy":"post_tag","embeddable":true,"href":"https:\/\/www.cdlpv.org\/dtl\/wp-json\/wp\/v2\/tags?post=2949"}],"curies":[{"name":"wp","href":"https:\/\/api.w.org\/{rel}","templated":true}]}}