{"id":2943,"date":"2016-04-10T19:43:00","date_gmt":"2016-04-10T18:43:00","guid":{"rendered":"http:\/\/www.cdlpv.org\/dtl\/?p=2943"},"modified":"2016-04-10T19:43:00","modified_gmt":"2016-04-10T18:43:00","slug":"lavl-renova-el-primer-terc","status":"publish","type":"post","link":"https:\/\/www.cdlpv.org\/dtl\/2016\/04\/10\/lavl-renova-el-primer-terc\/","title":{"rendered":"L&#8217;AVL renova el primer ter\u00e7"},"content":{"rendered":"<p>Divendres passat, 8 d&#8217;abril, va concloure el primer proc\u00e9s independent de renovaci\u00f3 de l&#8217;Acad\u00e8mia Valenciana de la Llengua. El primer ter\u00e7 d&#8217;acad\u00e8mics que han entrat a renovar l&#8217;<span class=\"versaleta\">avl<\/span> s\u00f3n: Joan Francesc Mira, Joan Rafael Ramos Alfajar\u00edn, Carme Miquel Diego, Josep Martines Peres, Immaculada Cerd\u00e0 Sanchis, Brauli Montoya Abad i Abelard Saragoss\u00e0 Alba.<br \/>\nSegons la informa <em>Eldiario.es<\/em> (<a href=\"http:\/\/www.eldiario.es\/cv\/val\/Academia_Valenciana_de_la_Llengua-Abelard_Saragossa-Cultura_0_503250460.html\" target=\"_blank\">08.04.2016<\/a>):<\/p>\n<blockquote><p>\nAmb Abelard Saragoss\u00e0 l&#8217;Acad\u00e8mia Valenciana de la Llengua ha tancat el proc\u00e9s de renovaci\u00f3 de la instituci\u00f3, que havia iniciat el passat 11 de mar\u00e7. El proc\u00e9s ha resultat molt rellevant perqu\u00e8 \u00e9s la primera vegada que els acd\u00e8mics ja no han estat elegits per les Corts Valencianes, fet que representa la definitiva independ\u00e8ncia de la instituci\u00f3 de la tutela pol\u00edtica que ha tingut durant els seus primers 15 anys de funcionament.\n<\/p><\/blockquote>\n","protected":false},"excerpt":{"rendered":"<p>Divendres passat, 8 d&#8217;abril, va concloure el primer proc\u00e9s independent de renovaci\u00f3 de l&#8217;Acad\u00e8mia Valenciana de la Llengua. El primer ter\u00e7 d&#8217;acad\u00e8mics que han entrat a renovar l&#8217;avl s\u00f3n: Joan Francesc Mira, Joan Rafael Ramos Alfajar\u00edn, Carme Miquel Diego, Josep Martines Peres, Immaculada Cerd\u00e0 Sanchis, Brauli Montoya Abad i Abelard Saragoss\u00e0 Alba. Segons la informa [&hellip;]<\/p>\n","protected":false},"author":56,"featured_media":0,"comment_status":"open","ping_status":"open","sticky":false,"template":"","format":"standard","meta":{"footnotes":""},"categories":[38,19,27],"tags":[376],"class_list":["post-2943","post","type-post","status-publish","format-standard","hentry","category-avl","category-politica","category-sociolinguistica","tag-politica-linguistica"],"_links":{"self":[{"href":"https:\/\/www.cdlpv.org\/dtl\/wp-json\/wp\/v2\/posts\/2943","targetHints":{"allow":["GET"]}}],"collection":[{"href":"https:\/\/www.cdlpv.org\/dtl\/wp-json\/wp\/v2\/posts"}],"about":[{"href":"https:\/\/www.cdlpv.org\/dtl\/wp-json\/wp\/v2\/types\/post"}],"author":[{"embeddable":true,"href":"https:\/\/www.cdlpv.org\/dtl\/wp-json\/wp\/v2\/users\/56"}],"replies":[{"embeddable":true,"href":"https:\/\/www.cdlpv.org\/dtl\/wp-json\/wp\/v2\/comments?post=2943"}],"version-history":[{"count":1,"href":"https:\/\/www.cdlpv.org\/dtl\/wp-json\/wp\/v2\/posts\/2943\/revisions"}],"predecessor-version":[{"id":2944,"href":"https:\/\/www.cdlpv.org\/dtl\/wp-json\/wp\/v2\/posts\/2943\/revisions\/2944"}],"wp:attachment":[{"href":"https:\/\/www.cdlpv.org\/dtl\/wp-json\/wp\/v2\/media?parent=2943"}],"wp:term":[{"taxonomy":"category","embeddable":true,"href":"https:\/\/www.cdlpv.org\/dtl\/wp-json\/wp\/v2\/categories?post=2943"},{"taxonomy":"post_tag","embeddable":true,"href":"https:\/\/www.cdlpv.org\/dtl\/wp-json\/wp\/v2\/tags?post=2943"}],"curies":[{"name":"wp","href":"https:\/\/api.w.org\/{rel}","templated":true}]}}