{"id":2941,"date":"2016-03-20T19:57:01","date_gmt":"2016-03-20T18:57:01","guid":{"rendered":"http:\/\/www.cdlpv.org\/dtl\/?p=2941"},"modified":"2016-03-20T19:57:01","modified_gmt":"2016-03-20T18:57:01","slug":"entrevista-a-abelard-saragossa-en-la-represa","status":"publish","type":"post","link":"https:\/\/www.cdlpv.org\/dtl\/2016\/03\/20\/entrevista-a-abelard-saragossa-en-la-represa\/","title":{"rendered":"Entrevista a Abelard Saragoss\u00e0 en La Represa"},"content":{"rendered":"<p>En el programa La Represa de R\u00e0dio Godella, podeu sentir una entrevista a Abelard Saragoss\u00e0 Alba (<a href=\"https:\/\/www.youtube.com\/watch?v=oOfKs_AWcBY\" target=\"_blank\">18.03.2016<\/a>) on el professor i gram\u00e0tic fa un rep\u00e0s sobre quasi tot. Com ara:<\/p>\n<blockquote><p>L&#8217;enfrontament ente el catal\u00e0 <em>heavy<\/em> i el catal\u00e0 <em>light<\/em> \u00e9s un enfrontament amb poques argumentacions, perqu\u00e8 cada constituent ling\u00fc\u00edstic necessita un estudi, i sense aix\u00f2 no podem solucionar-ho.<\/p><\/blockquote>\n","protected":false},"excerpt":{"rendered":"<p>En el programa La Represa de R\u00e0dio Godella, podeu sentir una entrevista a Abelard Saragoss\u00e0 Alba (18.03.2016) on el professor i gram\u00e0tic fa un rep\u00e0s sobre quasi tot. Com ara: L&#8217;enfrontament ente el catal\u00e0 heavy i el catal\u00e0 light \u00e9s un enfrontament amb poques argumentacions, perqu\u00e8 cada constituent ling\u00fc\u00edstic necessita un estudi, i sense aix\u00f2 [&hellip;]<\/p>\n","protected":false},"author":56,"featured_media":0,"comment_status":"open","ping_status":"open","sticky":false,"template":"","format":"standard","meta":{"footnotes":""},"categories":[2,45,10,17,22,27],"tags":[526,398],"class_list":["post-2941","post","type-post","status-publish","format-standard","hentry","category-comunicacio","category-ensenyament","category-formacio","category-normativa","category-recerca","category-sociolinguistica","tag-entrevistes","tag-radio"],"_links":{"self":[{"href":"https:\/\/www.cdlpv.org\/dtl\/wp-json\/wp\/v2\/posts\/2941","targetHints":{"allow":["GET"]}}],"collection":[{"href":"https:\/\/www.cdlpv.org\/dtl\/wp-json\/wp\/v2\/posts"}],"about":[{"href":"https:\/\/www.cdlpv.org\/dtl\/wp-json\/wp\/v2\/types\/post"}],"author":[{"embeddable":true,"href":"https:\/\/www.cdlpv.org\/dtl\/wp-json\/wp\/v2\/users\/56"}],"replies":[{"embeddable":true,"href":"https:\/\/www.cdlpv.org\/dtl\/wp-json\/wp\/v2\/comments?post=2941"}],"version-history":[{"count":1,"href":"https:\/\/www.cdlpv.org\/dtl\/wp-json\/wp\/v2\/posts\/2941\/revisions"}],"predecessor-version":[{"id":2942,"href":"https:\/\/www.cdlpv.org\/dtl\/wp-json\/wp\/v2\/posts\/2941\/revisions\/2942"}],"wp:attachment":[{"href":"https:\/\/www.cdlpv.org\/dtl\/wp-json\/wp\/v2\/media?parent=2941"}],"wp:term":[{"taxonomy":"category","embeddable":true,"href":"https:\/\/www.cdlpv.org\/dtl\/wp-json\/wp\/v2\/categories?post=2941"},{"taxonomy":"post_tag","embeddable":true,"href":"https:\/\/www.cdlpv.org\/dtl\/wp-json\/wp\/v2\/tags?post=2941"}],"curies":[{"name":"wp","href":"https:\/\/api.w.org\/{rel}","templated":true}]}}