{"id":294,"date":"2008-01-26T12:12:50","date_gmt":"2008-01-26T11:12:50","guid":{"rendered":"http:\/\/www.cdlpv.org\/dtl\/?p=294"},"modified":"2008-01-26T12:12:50","modified_gmt":"2008-01-26T11:12:50","slug":"rafael-roca-ens-acosta-teodor-llorente","status":"publish","type":"post","link":"https:\/\/www.cdlpv.org\/dtl\/2008\/01\/26\/rafael-roca-ens-acosta-teodor-llorente\/","title":{"rendered":"Rafael Roca ens acosta Teodor Llorente"},"content":{"rendered":"<p><a href='http:\/\/www.cdlpv.org\/dtl\/wp-content\/lorente.jpg' title='Llorente, l\u00edder' target='_blank'><img src='http:\/\/www.cdlpv.org\/dtl\/wp-content\/lorente.thumbnail.jpg' alt='Llorente, l\u00edder' align=\"right\" \/><\/a><br \/>\nEl company Enric Estrela ens presenta en el setmanari <em>El Punt<\/em> (20.01.2008; feu clic en la imatge) el llibre de Rafael Roca, t\u00e8cnic ling\u00fc\u00edstic de l&#8217;Ajuntament d&#8217;Aldaia, <em>Teodor Llorente, l\u00edder de la Renaixen\u00e7a valenciana.<\/em> Una lectura m\u00e9s, doncs, que cal tindre en compte en estos moments en qu\u00e8 revisem i posem al dia les dades (amb enquestes i indicadors d&#8217;\u00fas i de desitjos) i les idees (sobre el passat, el present i el que hauria de ser el futur)  que hem de manejar en la gesti\u00f3 ling\u00fc\u00edstica.<\/p>\n","protected":false},"excerpt":{"rendered":"<p>El company Enric Estrela ens presenta en el setmanari El Punt (20.01.2008; feu clic en la imatge) el llibre de Rafael Roca, t\u00e8cnic ling\u00fc\u00edstic de l&#8217;Ajuntament d&#8217;Aldaia, Teodor Llorente, l\u00edder de la Renaixen\u00e7a valenciana. Una lectura m\u00e9s, doncs, que cal tindre en compte en estos moments en qu\u00e8 revisem i posem al dia les dades [&hellip;]<\/p>\n","protected":false},"author":2,"featured_media":0,"comment_status":"open","ping_status":"open","sticky":false,"template":"","format":"standard","meta":{"footnotes":""},"categories":[2,3,10,1,27],"tags":[400,407],"class_list":["post-294","post","type-post","status-publish","format-standard","hentry","category-comunicacio","category-documentacio","category-formacio","category-general","category-sociolinguistica","tag-rafa-roca","tag-renaixenca"],"_links":{"self":[{"href":"https:\/\/www.cdlpv.org\/dtl\/wp-json\/wp\/v2\/posts\/294","targetHints":{"allow":["GET"]}}],"collection":[{"href":"https:\/\/www.cdlpv.org\/dtl\/wp-json\/wp\/v2\/posts"}],"about":[{"href":"https:\/\/www.cdlpv.org\/dtl\/wp-json\/wp\/v2\/types\/post"}],"author":[{"embeddable":true,"href":"https:\/\/www.cdlpv.org\/dtl\/wp-json\/wp\/v2\/users\/2"}],"replies":[{"embeddable":true,"href":"https:\/\/www.cdlpv.org\/dtl\/wp-json\/wp\/v2\/comments?post=294"}],"version-history":[{"count":0,"href":"https:\/\/www.cdlpv.org\/dtl\/wp-json\/wp\/v2\/posts\/294\/revisions"}],"wp:attachment":[{"href":"https:\/\/www.cdlpv.org\/dtl\/wp-json\/wp\/v2\/media?parent=294"}],"wp:term":[{"taxonomy":"category","embeddable":true,"href":"https:\/\/www.cdlpv.org\/dtl\/wp-json\/wp\/v2\/categories?post=294"},{"taxonomy":"post_tag","embeddable":true,"href":"https:\/\/www.cdlpv.org\/dtl\/wp-json\/wp\/v2\/tags?post=294"}],"curies":[{"name":"wp","href":"https:\/\/api.w.org\/{rel}","templated":true}]}}