{"id":293,"date":"2008-01-25T14:50:01","date_gmt":"2008-01-25T13:50:01","guid":{"rendered":"http:\/\/www.cdlpv.org\/dtl\/?p=293"},"modified":"2008-01-25T14:50:01","modified_gmt":"2008-01-25T13:50:01","slug":"la-tv3-a-la-catalunya-del-nord","status":"publish","type":"post","link":"https:\/\/www.cdlpv.org\/dtl\/2008\/01\/25\/la-tv3-a-la-catalunya-del-nord\/","title":{"rendered":"La TV3 a la Catalunya del Nord"},"content":{"rendered":"<p>Mentres al Pa\u00eds Valenci\u00e0 Francisco Camps pret\u00e9n eliminar les emissions de la <span class=\"versaleta\">tv3<\/span> i que els seus ciutadans es queden sense una cadena p\u00fablica en la llengua pr\u00f2pia, l&#8217;estat franc\u00e9s col\u00b7labora per a facililitar tot el contrari a la Catalunya del Nord.<\/p>\n<p>La not\u00edcia \u00e9s del diari <em>e-not\u00edcies<\/em> <a href=\"http:\/\/www.e-noticies.com\/actualitat\/fran%e7a-permet-tv3-a-la-catalunya-nord-sense-traves-34181.html\" target=\"_blank\">(23.01.2008)<\/a>:<\/p>\n<blockquote>\n<h2>Fran\u00e7a permet TV3 a la Catalunya Nord sense traves<\/h2>\n<h3>FINS I TOT PAGA 24.000 EUROS<\/h3>\n<p>Televisi\u00f3 de Catalunya i el Consell General dels Pirineus Orientals han firmat a Perpiny\u00e0 un acord de cooperaci\u00f3 per al refor\u00e7ament de la cobertura informativa de TV3 a la Catalunya del Nord. L\u2019acord ha estat firmat, per part de TVC, pel director, Francesc Escribano, i per part del Consell, pel president Christian Bourquin, i pel vicepresident i responsable dels assumptes relacionats amb la cultura catalana, Marcel Mateu. L\u2019acord inclou \u00abuna participaci\u00f3 econ\u00f2mica de 24.000 euros anuals del Consell,  la m\u00e0xima instituci\u00f3 nord-catalana, i preveu la instal\u00b7laci\u00f3 i utilitzaci\u00f3 d&#8217;un enlla\u00e7 digital terrestre que connectar\u00e0 directament la delegaci\u00f3 de TVC a Perpiny\u00e0 amb els estudis de Sant Joan Desp\u00ed i permetr\u00e0 l\u2019enviament directe d\u2019imatges entre totes dues poblacions, sense que hagin de passar, com fins ara, a trav\u00e9s dels enlla\u00e7os internacionals de Par\u00eds i Madrid\u00bb.<\/p>\n<p>Francesc Escribano ha qualificat l&#8217;acord de \u00abmolt important perqu\u00e8 sabem que TV3 t\u00e9 una pres\u00e8ncia important a la Catalunya del Nord\u00bb i que, per TVC, \u00abfer aquest pas significa que la gent de Catalunya del Nord senti tamb\u00e9 seva TV3. Aix\u00f2 \u00e9s un pas que hem d&#8217;agrair tamb\u00e9 al Consell General dels Pirineus Oriental, que creiem que refor\u00e7a la nostra imatge i el  nostre car\u00e0cter de televisi\u00f3 catalana, i aconseguirem tamb\u00e9 que els Pirineus no siguin una barrera, sin\u00f3 una manera de comunicar-nos entre unes comarques en qu\u00e8 parlem el catal\u00e0\u00bb.<\/p>\n<p>Per la seva part, el president del Consell General ha manifestat que la firma de l\u2019acord amb TVC s&#8217;emmarca en la creaci\u00f3 d&#8217;un espai transfronterer catal\u00e0. Bourquin, que ha qualificat &#8216;d&#8217;hist\u00f2ric&#8217; aquest acord, s&#8217;ha mostrat conven\u00e7ut que el fet de veure m\u00e9s sovint a la televisi\u00f3 catalana les imatges del Canig\u00f3, del Palau dels Reis de Mallorca de Perpiny\u00e0, significar\u00e0 \u00abun gran pas endavant per donar a con\u00e8ixer tot el nostre territori\u00bb. Per acabar, ha destacat que la firma de l\u2019acord demostra \u00abla voluntat del Consell General de promoure la informaci\u00f3, la nostra cultura, la nostra geografia, i la nostra manera de viure\u00bb.\n<\/p><\/blockquote>\n","protected":false},"excerpt":{"rendered":"<p>Mentres al Pa\u00eds Valenci\u00e0 Francisco Camps pret\u00e9n eliminar les emissions de la tv3 i que els seus ciutadans es queden sense una cadena p\u00fablica en la llengua pr\u00f2pia, l&#8217;estat franc\u00e9s col\u00b7labora per a facililitar tot el contrari a la Catalunya del Nord. La not\u00edcia \u00e9s del diari e-not\u00edcies (23.01.2008): Fran\u00e7a permet TV3 a la Catalunya [&hellip;]<\/p>\n","protected":false},"author":2,"featured_media":0,"comment_status":"open","ping_status":"open","sticky":false,"template":"","format":"standard","meta":{"footnotes":""},"categories":[36,1,19,27,34],"tags":[100,213,347],"class_list":["post-293","post","type-post","status-publish","format-standard","hentry","category-allofobia","category-general","category-politica","category-sociolinguistica","category-tv3","tag-censura","tag-franca","tag-pais-valencia"],"_links":{"self":[{"href":"https:\/\/www.cdlpv.org\/dtl\/wp-json\/wp\/v2\/posts\/293","targetHints":{"allow":["GET"]}}],"collection":[{"href":"https:\/\/www.cdlpv.org\/dtl\/wp-json\/wp\/v2\/posts"}],"about":[{"href":"https:\/\/www.cdlpv.org\/dtl\/wp-json\/wp\/v2\/types\/post"}],"author":[{"embeddable":true,"href":"https:\/\/www.cdlpv.org\/dtl\/wp-json\/wp\/v2\/users\/2"}],"replies":[{"embeddable":true,"href":"https:\/\/www.cdlpv.org\/dtl\/wp-json\/wp\/v2\/comments?post=293"}],"version-history":[{"count":0,"href":"https:\/\/www.cdlpv.org\/dtl\/wp-json\/wp\/v2\/posts\/293\/revisions"}],"wp:attachment":[{"href":"https:\/\/www.cdlpv.org\/dtl\/wp-json\/wp\/v2\/media?parent=293"}],"wp:term":[{"taxonomy":"category","embeddable":true,"href":"https:\/\/www.cdlpv.org\/dtl\/wp-json\/wp\/v2\/categories?post=293"},{"taxonomy":"post_tag","embeddable":true,"href":"https:\/\/www.cdlpv.org\/dtl\/wp-json\/wp\/v2\/tags?post=293"}],"curies":[{"name":"wp","href":"https:\/\/api.w.org\/{rel}","templated":true}]}}