{"id":2925,"date":"2016-02-11T14:20:17","date_gmt":"2016-02-11T13:20:17","guid":{"rendered":"http:\/\/www.cdlpv.org\/dtl\/?p=2925"},"modified":"2019-08-19T09:20:27","modified_gmt":"2019-08-19T08:20:27","slug":"beca-de-dinamitzacio-linguistica-en-torrent","status":"publish","type":"post","link":"https:\/\/www.cdlpv.org\/dtl\/2016\/02\/11\/beca-de-dinamitzacio-linguistica-en-torrent\/","title":{"rendered":"Beca de dinamitzaci\u00f3 ling\u00fc\u00edstica en Torrent"},"content":{"rendered":"<p>L&#8217;Ajuntament de Torrent anuncia la convocat\u00f2ria d&#8217;una beca per a fer pr\u00e0ctiques professionals de dinamitzaci\u00f3 ling\u00fc\u00edstica:<\/p>\n<blockquote><p>L&#8217; Ajuntament de Torrent ha aprovat pel Decret 94\/2016, de 18 de gener, les bases i convocat\u00f2ria de concessi\u00f3 d&#8217; una beca, en r\u00e8gim de concurr\u00e8ncia competitiva, per a persones titulades en Traducci\u00f3 i Interpretaci\u00f3 (amb el valenci\u00e0 i castell\u00e0 com a idioma A o B), Traducci\u00f3 i Mediaci\u00f3 Interling\u00fc\u00edstica o Filologia Catalana.<br \/>\nLes bases que regulen la convocat\u00f2ria es troben a disposici\u00f3 dels interessats en la p\u00e1gina web municipal del <a href=\"http:\/\/www.torrent.es\/torrentPublic\/inicio\/serveis\/rrhh\/beques\/traduccio.html\" target=\"_blank\" rel=\"noopener noreferrer\">servei de\u00a0recursos humans<\/a><em>.<\/em><br \/>\nEl per\u00edode m\u00e0xim de duraci\u00f3 de gaudiment de la beca \u00e9s d&#8217;un any, tot i que pot prorrogar-se expressament per un altre any m\u00e9s, sempre que hi haja disponibilitat pressupost\u00e0ria i l&#8217;exercici de l&#8217;activitat que s&#8217;estiga efectuant aix\u00ed ho requerisca o aconselle.<br \/>\nLa dotaci\u00f3 mensual bruta de la beca \u00e9s de 800,00\u00a0euros amb una dedicaci\u00f3 m\u00e0xima de 35 hores setmanals.<br \/>\nEl termini de presentaci\u00f3 de sol\u00b7licituds, junt a la documentaci\u00f3 establida en la base tercera de les que regulen la convocat\u00f2ria \u00e9s de deu dies naturals, des de la publicaci\u00f3 d&#8217;este anunci en el BOP.<br \/>\nLes sol\u00b7licituds s&#8217;han d&#8217;omplir en el model RRHH-002 BEQUES PER A PR\u00c0CTIQUES PROFESSIONALS, disponible en la p\u00e0gina web i s&#8217;han de presentar per mitj\u00e0 de registre telem\u00e0tic en la seu electr\u00f2nica <em>(<a href=\"http:\/\/www.torrent.es\" target=\"_blank\" rel=\"noopener noreferrer\">www.torrent.es<\/a>)<\/em>o a trav\u00e9s de qualsevol dels mitjans previstos en l&#8217;article 38.4 de la Llei 30\/1992, de 26 de novembre.<\/p><\/blockquote>\n<p>El termini de presentaci\u00f3\u00a0de sol\u00b7licituds\u00a0\u00e9s del 10.02.2016 al 19.02.2016 (ambdos inclosos).<\/p>\n","protected":false},"excerpt":{"rendered":"<p>L&#8217;Ajuntament de Torrent anuncia la convocat\u00f2ria d&#8217;una beca per a fer pr\u00e0ctiques professionals de dinamitzaci\u00f3 ling\u00fc\u00edstica: L&#8217; Ajuntament de Torrent ha aprovat pel Decret 94\/2016, de 18 de gener, les bases i convocat\u00f2ria de concessi\u00f3 d&#8217; una beca, en r\u00e8gim de concurr\u00e8ncia competitiva, per a persones titulades en Traducci\u00f3 i Interpretaci\u00f3 (amb el valenci\u00e0 i [&hellip;]<\/p>\n","protected":false},"author":56,"featured_media":0,"comment_status":"open","ping_status":"open","sticky":false,"template":"","format":"standard","meta":{"footnotes":""},"categories":[40,10,15,26],"tags":[50,476],"class_list":["post-2925","post","type-post","status-publish","format-standard","hentry","category-beques-formacio","category-formacio","category-laboral","category-serveis-linguistics","tag-administracio-local","tag-torrent"],"_links":{"self":[{"href":"https:\/\/www.cdlpv.org\/dtl\/wp-json\/wp\/v2\/posts\/2925","targetHints":{"allow":["GET"]}}],"collection":[{"href":"https:\/\/www.cdlpv.org\/dtl\/wp-json\/wp\/v2\/posts"}],"about":[{"href":"https:\/\/www.cdlpv.org\/dtl\/wp-json\/wp\/v2\/types\/post"}],"author":[{"embeddable":true,"href":"https:\/\/www.cdlpv.org\/dtl\/wp-json\/wp\/v2\/users\/56"}],"replies":[{"embeddable":true,"href":"https:\/\/www.cdlpv.org\/dtl\/wp-json\/wp\/v2\/comments?post=2925"}],"version-history":[{"count":6,"href":"https:\/\/www.cdlpv.org\/dtl\/wp-json\/wp\/v2\/posts\/2925\/revisions"}],"predecessor-version":[{"id":3578,"href":"https:\/\/www.cdlpv.org\/dtl\/wp-json\/wp\/v2\/posts\/2925\/revisions\/3578"}],"wp:attachment":[{"href":"https:\/\/www.cdlpv.org\/dtl\/wp-json\/wp\/v2\/media?parent=2925"}],"wp:term":[{"taxonomy":"category","embeddable":true,"href":"https:\/\/www.cdlpv.org\/dtl\/wp-json\/wp\/v2\/categories?post=2925"},{"taxonomy":"post_tag","embeddable":true,"href":"https:\/\/www.cdlpv.org\/dtl\/wp-json\/wp\/v2\/tags?post=2925"}],"curies":[{"name":"wp","href":"https:\/\/api.w.org\/{rel}","templated":true}]}}