{"id":2912,"date":"2015-11-03T15:30:25","date_gmt":"2015-11-03T15:30:25","guid":{"rendered":"http:\/\/www.cdlpv.org\/dtl\/?p=2912"},"modified":"2015-12-14T15:57:54","modified_gmt":"2015-12-14T15:57:54","slug":"la-gestio-linguistica-a-les-balears","status":"publish","type":"post","link":"https:\/\/www.cdlpv.org\/dtl\/2015\/11\/03\/la-gestio-linguistica-a-les-balears\/","title":{"rendered":"La gesti\u00f3 ling\u00fc\u00edstica a les Balears"},"content":{"rendered":"<p>La Xarxa Cruscat de l&#8217;IEC ens d\u00f3na a con\u00e9ixer el dossier socioling\u00fc\u00edstic sobre les Balears elaborat pel diari Ara (17.10.2015; <span class=\"versaleta\"><a href=\"http:\/\/blogs.iec.cat\/cruscat\/wp-content\/uploads\/sites\/15\/2015\/10\/ARAbalears_dossier.pdf\" target=\"_blank\">[pdf]<\/a><\/span>), que t\u00e9 els continguts seg\u00fcents:<\/p>\n<blockquote>\n<ul>\n<li>La societat reactiva el Consell de la Llengua despr\u00e9s del desert Bauz\u00e1<\/li>\n<li>El Co\u0140legi d\u2019Advocats denuncia la nu\u0140la pres\u00e8ncia del catal\u00e0 a la Just\u00edcia<\/li>\n<li>Feina per fer (J. Meli\u00e0)<\/li>\n<li>La meitat dels balears parla catal\u00e0 habitualment<\/li>\n<li>10 accions per recuperar la llengua<\/li>\n<li>Som un poble unit, alegre i combatiu (B. Busquets)<\/li>\n<li>Adolescents i llengua (M. Gomila)<\/li>\n<li>Entrevista a Marta Fux\u00e0, responsable de Pol\u00edtica Ling\u00fc\u00edstica: \u00abHem de fer possible la vida en catal\u00e0 a les Balears\u00bb<\/li>\n<\/ul>\n<figure id=\"attachment_2913\" aria-describedby=\"caption-attachment-2913\" style=\"width: 248px\" class=\"wp-caption aligncenter\"><a href=\"http:\/\/www.cdlpv.org\/dtl\/wp-content\/uploads\/2015\/11\/2015-ara-IB.jpg\" target=\"_blank\"><img loading=\"lazy\" decoding=\"async\" src=\"http:\/\/www.cdlpv.org\/dtl\/wp-content\/uploads\/2015\/11\/2015-ara-IB-248x300.jpg\" alt=\"\u00das del catal\u00e0\" width=\"248\" height=\"300\" class=\"size-medium wp-image-2913\" srcset=\"https:\/\/www.cdlpv.org\/dtl\/wp-content\/uploads\/2015\/11\/2015-ara-IB-248x300.jpg 248w, https:\/\/www.cdlpv.org\/dtl\/wp-content\/uploads\/2015\/11\/2015-ara-IB-124x150.jpg 124w, https:\/\/www.cdlpv.org\/dtl\/wp-content\/uploads\/2015\/11\/2015-ara-IB-400x484.jpg 400w, https:\/\/www.cdlpv.org\/dtl\/wp-content\/uploads\/2015\/11\/2015-ara-IB.jpg 607w\" sizes=\"auto, (max-width: 248px) 100vw, 248px\" \/><\/a><figcaption id=\"caption-attachment-2913\" class=\"wp-caption-text\">\u00das del catal\u00e0 a les Illes Balears<\/figcaption><\/figure><\/blockquote>\n<p>Com a conclusi\u00f3, podem destacar el comentari final de Marta Fux\u00e0, directora general de Pol\u00edtica Ling\u00fc\u00edstica del Govern Balear :<\/p>\n<blockquote><p>Si jo rall en catal\u00e0 a persones de fora \u00e9s perqu\u00e8 els vull oferir la meva llengua i que s&#8217;hi sentin b\u00e9. La llengua catalana ha de ser entesa com un valor afegit el qual ja oferim a tots els que v\u00e9nen a estar entre nosaltres.<\/p><\/blockquote>\n","protected":false},"excerpt":{"rendered":"<p>La Xarxa Cruscat de l&#8217;IEC ens d\u00f3na a con\u00e9ixer el dossier socioling\u00fc\u00edstic sobre les Balears elaborat pel diari Ara (17.10.2015; [pdf]), que t\u00e9 els continguts seg\u00fcents: La societat reactiva el Consell de la Llengua despr\u00e9s del desert Bauz\u00e1 El Co\u0140legi d\u2019Advocats denuncia la nu\u0140la pres\u00e8ncia del catal\u00e0 a la Just\u00edcia Feina per fer (J. Meli\u00e0) [&hellip;]<\/p>\n","protected":false},"author":2,"featured_media":0,"comment_status":"open","ping_status":"open","sticky":false,"template":"","format":"standard","meta":{"footnotes":""},"categories":[1,47,19,22,26,27],"tags":[189,240],"class_list":["post-2912","post","type-post","status-publish","format-standard","hentry","category-general","category-planificacio","category-politica","category-recerca","category-serveis-linguistics","category-sociolinguistica","tag-estadistiques","tag-illes-balears"],"_links":{"self":[{"href":"https:\/\/www.cdlpv.org\/dtl\/wp-json\/wp\/v2\/posts\/2912","targetHints":{"allow":["GET"]}}],"collection":[{"href":"https:\/\/www.cdlpv.org\/dtl\/wp-json\/wp\/v2\/posts"}],"about":[{"href":"https:\/\/www.cdlpv.org\/dtl\/wp-json\/wp\/v2\/types\/post"}],"author":[{"embeddable":true,"href":"https:\/\/www.cdlpv.org\/dtl\/wp-json\/wp\/v2\/users\/2"}],"replies":[{"embeddable":true,"href":"https:\/\/www.cdlpv.org\/dtl\/wp-json\/wp\/v2\/comments?post=2912"}],"version-history":[{"count":4,"href":"https:\/\/www.cdlpv.org\/dtl\/wp-json\/wp\/v2\/posts\/2912\/revisions"}],"predecessor-version":[{"id":2921,"href":"https:\/\/www.cdlpv.org\/dtl\/wp-json\/wp\/v2\/posts\/2912\/revisions\/2921"}],"wp:attachment":[{"href":"https:\/\/www.cdlpv.org\/dtl\/wp-json\/wp\/v2\/media?parent=2912"}],"wp:term":[{"taxonomy":"category","embeddable":true,"href":"https:\/\/www.cdlpv.org\/dtl\/wp-json\/wp\/v2\/categories?post=2912"},{"taxonomy":"post_tag","embeddable":true,"href":"https:\/\/www.cdlpv.org\/dtl\/wp-json\/wp\/v2\/tags?post=2912"}],"curies":[{"name":"wp","href":"https:\/\/api.w.org\/{rel}","templated":true}]}}