{"id":2910,"date":"2015-05-20T15:35:04","date_gmt":"2015-05-20T15:35:04","guid":{"rendered":"http:\/\/www.cdlpv.org\/dtl\/?p=2910"},"modified":"2015-10-29T18:04:25","modified_gmt":"2015-10-29T18:04:25","slug":"el-debat-sobre-la-normativa","status":"publish","type":"post","link":"https:\/\/www.cdlpv.org\/dtl\/2015\/05\/20\/el-debat-sobre-la-normativa\/","title":{"rendered":"El debat sobre la normativa"},"content":{"rendered":"<p>Fa unes setmanes el diari <em>Ara<\/em> (12.04.2015) va proposar (que continu\u00e0rem amb) un debat (permanent) sobre la normativa del catal\u00e0. Es veu que per all\u00e0 dalt lliguen els gossos amb pronoms i sempre estan pensant de canviar les corretges. Al Pa\u00eds Valenci\u00e0 la normativa est\u00e0 com nova de trinca, dir\u00edem, i mos hauria de resultar ben estranya eixa tend\u00e8ncia als debats sobre les prescripcions est\u00e8tiques, at\u00e9s que patim altres fen\u00f2mens pitjors que la inclinaci\u00f3 d&#8217;un accent o una pallola de di\u00e8resis: la discriminaci\u00f3 ling\u00fc\u00edstica injusta i promoguda des dels \u00e0mbits pol\u00edtics que regixen l&#8217;administraci\u00f3 valenciana.<\/p>\n<p>En tot cas, els debats sobre la normativa afecten el nostre objecte de treball i conv\u00e9 anar seguint-los:<\/p>\n<blockquote>\n<ul>\n<li>\u00abReforma ortogr\u00e0fica\u00bb (<a href=\"https:\/\/ca.wikipedia.org\/wiki\/Reforma_ortogr%C3%A0fica\" target=\"_blank\">Viquip\u00e8dia<\/a>)<\/li>\n<li>Estrampes Blanch i Maci\u00e0 Montejano: \u00abActituds dels escriptors tortosins de principi del segle xx davant la pol\u00e8mica sobre les Normes Ortogr\u00e0fiques\u00bb (<em><a href=\"http:\/\/www.raco.cat\/index.php\/Recerca\/article\/viewFile\/244196\/350723\" target=\"_blank\">Recerca<\/a>,<\/em> 2009)<\/li>\n<li>Francesc Esteve i G\u00f3mez: \u00abDialectalitzant, incoherent, multiplicador de variants&#8230; i sovint sense criteri\u00bb (Vilaweb, <a href=\"http:\/\/www.vilaweb.cat\/noticia\/4171723\/20140207\/dialectalitzant-incoherent-multiplicador-variants-sovint-sense-criteri.html\" target=\"_blank\">07.02.2014<\/a>)<\/li>\n<li>Felip Gumbau Morera: \u00abFelip Gumbau Morera defensa les aportacions del Diccionari Normatiu Valenci\u00e0\u00bb (N\u00favol, <a href=\"http:\/\/www.nuvol.com\/noticies\/les-aportacions-del-diccionari-normatiu-valencia\/\" target=\"_blank\">15.02.2014<\/a>)<\/li>\n<li>Xavier Manuel: \u00abDiccionari? Normatiu? Valenci\u00e0\u00bb (Llegir-escriure, <a href=\"http:\/\/blocs.mesvilaweb.cat\/xaviermanuel\/?p=260064\" target=\"_blank\">28.02.2014<\/a>)<\/li>\n<li>Marc Andreu: \u00abLa gimn\u00e0stica del catal\u00e0\u00bb (<em>El Pa\u00eds,<\/em> <a href=\"http:\/\/cat.elpais.com\/cat\/2015\/03\/04\/cultura\/1425505337_175642.html\" target=\"_blank\">04.03.2015<\/a>)<\/li>\n<li>Bernat Puigtobella: \u00abLa pol\u00e8mica Garolera: sumari del cas\u00bb (<em>N\u00favol,<\/em> <a target=\"_blank\">16.05.2014<\/a>)<\/li>\n<li>J. M. Mir: \u00abUna naci\u00f3 sense estat, una llengua sense reforma ling\u00fc\u00edstica?\u00bb (Quina la Fem?, <a href=\"http:\/\/quinalafem.blogspot.com.es\/2015\/03\/1000-una-nacio-sense-estat-una-llengua.html\" target=\"_blank\">29.03.2015<\/a>)<\/li>\n<li>\u00abDomines la normativa del catal\u00e0?\u00bb (Ara, <a href=\"http:\/\/participacio.ara.cat\/testcatala\/#\" target=\"_blank\">10.04.2015<\/a>; <a href=\"https:\/\/ca-es.facebook.com\/diariARA\/posts\/1003161483027682\" target=\"_blank\">Facebook<\/a>)<\/li>\n<li>Albert Pla Nualart: \u00abPer qu\u00e8 conv\u00e9 actualitzar la normativa\u00bb (<em>Ara,<\/em> <a href=\"http:\/\/www.ara.cat\/tema_del_dia\/que-conve-actualitzar-normativa_0_1337866319.html\" target=\"_blank\">12.04.2015<\/a>)<\/li>\n<li>Albert Pla Nualart: \u00abEls \u2018heavy\u2019 contra els \u2018light\u2019, una pol\u00e8mica d\u2019arrels decimon\u00f2niques\u00bb (<em>Ara,<\/em> <a href=\"http:\/\/www.ara.cat\/tema_del_dia\/contra-light-polemica-darrels-decimononiques_0_1337866293.html\" target=\"_blank\">12.04.2015<\/a>)<\/li>\n<li>Teresa Cabr\u00e9: \u00abEst\u00e0ndard i elaboraci\u00f3 normativa\u00bb (Ara, <a href=\"http:\/\/www.upf.edu\/catedrapompeufabra\/actualitat\/Cabre_Ara.html\" target=\"_blank\">19.04.2015<\/a>)<\/li>\n<li>Cercle Vallcorba: \u00abHem de matar Pompeu Fabra?\u00bb (<em>Ara<\/em>, <a href=\"http:\/\/www.ara.cat\/opinio\/Hem-matar-Pompeu-Fabra_0_1346865321.html\" target=\"_blank\">26.04.2014<\/a>)<\/li>\n<li>Jordi Comas\u00f2lives: \u00abEls ressons de la nova gram\u00e0tica de l\u2019IEC\u00bb (<em>Blog de Jordi Comas\u00f2lives,<\/em> <a href=\"https:\/\/estiligrafia.wordpress.com\/2015\/04\/30\/els-ressons-de-la-nova-gramatica-de-liec\/\" target=\"_blank\">30.04.2015)<\/a><\/li>\n<li><em>El Temps<\/em>: \u00abPer un catal\u00e0 del segle <span class=\"versaleta\">xxi<\/span>\u00bb <a href=\"http:\/\/www.eltemps.cat\/revista\/-per-un-catala-del-segle-xxi-9736\" target=\"_blank\">(n\u00famero 1613)<\/a><\/li>\n<\/ul>\n<\/blockquote>\n<p>Profit que fa\u00e7a.<\/p>\n","protected":false},"excerpt":{"rendered":"<p>Fa unes setmanes el diari Ara (12.04.2015) va proposar (que continu\u00e0rem amb) un debat (permanent) sobre la normativa del catal\u00e0. Es veu que per all\u00e0 dalt lliguen els gossos amb pronoms i sempre estan pensant de canviar les corretges. Al Pa\u00eds Valenci\u00e0 la normativa est\u00e0 com nova de trinca, dir\u00edem, i mos hauria de resultar [&hellip;]<\/p>\n","protected":false},"author":2,"featured_media":0,"comment_status":"open","ping_status":"open","sticky":false,"template":"","format":"standard","meta":{"footnotes":""},"categories":[3,1,17,22,27],"tags":[136,312],"class_list":["post-2910","post","type-post","status-publish","format-standard","hentry","category-documentacio","category-general","category-normativa","category-recerca","category-sociolinguistica","tag-debats","tag-mitjans"],"_links":{"self":[{"href":"https:\/\/www.cdlpv.org\/dtl\/wp-json\/wp\/v2\/posts\/2910","targetHints":{"allow":["GET"]}}],"collection":[{"href":"https:\/\/www.cdlpv.org\/dtl\/wp-json\/wp\/v2\/posts"}],"about":[{"href":"https:\/\/www.cdlpv.org\/dtl\/wp-json\/wp\/v2\/types\/post"}],"author":[{"embeddable":true,"href":"https:\/\/www.cdlpv.org\/dtl\/wp-json\/wp\/v2\/users\/2"}],"replies":[{"embeddable":true,"href":"https:\/\/www.cdlpv.org\/dtl\/wp-json\/wp\/v2\/comments?post=2910"}],"version-history":[{"count":1,"href":"https:\/\/www.cdlpv.org\/dtl\/wp-json\/wp\/v2\/posts\/2910\/revisions"}],"predecessor-version":[{"id":2911,"href":"https:\/\/www.cdlpv.org\/dtl\/wp-json\/wp\/v2\/posts\/2910\/revisions\/2911"}],"wp:attachment":[{"href":"https:\/\/www.cdlpv.org\/dtl\/wp-json\/wp\/v2\/media?parent=2910"}],"wp:term":[{"taxonomy":"category","embeddable":true,"href":"https:\/\/www.cdlpv.org\/dtl\/wp-json\/wp\/v2\/categories?post=2910"},{"taxonomy":"post_tag","embeddable":true,"href":"https:\/\/www.cdlpv.org\/dtl\/wp-json\/wp\/v2\/tags?post=2910"}],"curies":[{"name":"wp","href":"https:\/\/api.w.org\/{rel}","templated":true}]}}