{"id":2906,"date":"2015-04-29T15:45:00","date_gmt":"2015-04-29T15:45:00","guid":{"rendered":"http:\/\/www.cdlpv.org\/dtl\/?p=2906"},"modified":"2015-10-29T18:00:16","modified_gmt":"2015-10-29T18:00:16","slug":"al-taxi-en-valencia","status":"publish","type":"post","link":"https:\/\/www.cdlpv.org\/dtl\/2015\/04\/29\/al-taxi-en-valencia\/","title":{"rendered":"Al taxi, en valenci\u00e0"},"content":{"rendered":"<p>El sector del taxi valenci\u00e0 incorpora des de fa un parell d&#8217;anys una valoraci\u00f3 de la compet\u00e8ncia ling\u00fc\u00edstica. Una <a href=\"http:\/\/www.docv.gva.es\/datos\/2012\/06\/13\/pdf\/2012_5624.pdf\" target=\"_blank\">resoluci\u00f3 de 23 de maig del 2012<\/a> de la Presid\u00e8ncia del Consell d\u2019Administraci\u00f3 de l&#8217;Ag\u00e8ncia Valenciana de Mobilitat aprov\u00e0 les bases generals reguladores de les proves per a l\u2019obtenci\u00f3 del certificat de compet\u00e8ncia professional per a la prestaci\u00f3 del servei de taxi en les \u00e0rees de prestaci\u00f3 conjunta de la Comunitat Valenciana, que contenen en el temari l&#8217;apartat seg\u00fcent:<\/p>\n<blockquote>[&#8230;]\nD) Valenci\u00e0 i angl\u00e9s b\u00e0sic<br \/>\n[&#8230;]<\/blockquote>\n<p>Per tant, les proves anuals del <a href=\"http:\/\/www.docv.gva.es\/datos\/2013\/11\/26\/pdf\/2013_11077.pdf\" target=\"_blank\">2013<\/a> i <a href=\"http:\/\/www.docv.gva.es\/datos\/2015\/01\/02\/pdf\/2014_11920.pdf\" target=\"_blank\">2014<\/a> han incorporat la valoraci\u00f3 d&#8217;esta capacitat.<\/p>\n","protected":false},"excerpt":{"rendered":"<p>El sector del taxi valenci\u00e0 incorpora des de fa un parell d&#8217;anys una valoraci\u00f3 de la compet\u00e8ncia ling\u00fc\u00edstica. Una resoluci\u00f3 de 23 de maig del 2012 de la Presid\u00e8ncia del Consell d\u2019Administraci\u00f3 de l&#8217;Ag\u00e8ncia Valenciana de Mobilitat aprov\u00e0 les bases generals reguladores de les proves per a l\u2019obtenci\u00f3 del certificat de compet\u00e8ncia professional per a [&hellip;]<\/p>\n","protected":false},"author":2,"featured_media":0,"comment_status":"open","ping_status":"open","sticky":false,"template":"","format":"standard","meta":{"footnotes":""},"categories":[10,1,15,47,23],"tags":[174],"class_list":["post-2906","post","type-post","status-publish","format-standard","hentry","category-formacio","category-general","category-laboral","category-planificacio","category-reglaments-linguistics","tag-empreses"],"_links":{"self":[{"href":"https:\/\/www.cdlpv.org\/dtl\/wp-json\/wp\/v2\/posts\/2906","targetHints":{"allow":["GET"]}}],"collection":[{"href":"https:\/\/www.cdlpv.org\/dtl\/wp-json\/wp\/v2\/posts"}],"about":[{"href":"https:\/\/www.cdlpv.org\/dtl\/wp-json\/wp\/v2\/types\/post"}],"author":[{"embeddable":true,"href":"https:\/\/www.cdlpv.org\/dtl\/wp-json\/wp\/v2\/users\/2"}],"replies":[{"embeddable":true,"href":"https:\/\/www.cdlpv.org\/dtl\/wp-json\/wp\/v2\/comments?post=2906"}],"version-history":[{"count":3,"href":"https:\/\/www.cdlpv.org\/dtl\/wp-json\/wp\/v2\/posts\/2906\/revisions"}],"predecessor-version":[{"id":2909,"href":"https:\/\/www.cdlpv.org\/dtl\/wp-json\/wp\/v2\/posts\/2906\/revisions\/2909"}],"wp:attachment":[{"href":"https:\/\/www.cdlpv.org\/dtl\/wp-json\/wp\/v2\/media?parent=2906"}],"wp:term":[{"taxonomy":"category","embeddable":true,"href":"https:\/\/www.cdlpv.org\/dtl\/wp-json\/wp\/v2\/categories?post=2906"},{"taxonomy":"post_tag","embeddable":true,"href":"https:\/\/www.cdlpv.org\/dtl\/wp-json\/wp\/v2\/tags?post=2906"}],"curies":[{"name":"wp","href":"https:\/\/api.w.org\/{rel}","templated":true}]}}