{"id":2900,"date":"2015-04-21T10:05:45","date_gmt":"2015-04-21T10:05:45","guid":{"rendered":"http:\/\/www.cdlpv.org\/dtl\/?p=2900"},"modified":"2015-09-28T10:07:06","modified_gmt":"2015-09-28T10:07:06","slug":"lanormalitzacio-a-denia-el-tsj-valida-lactuacio-del-tecnic-linguistic","status":"publish","type":"post","link":"https:\/\/www.cdlpv.org\/dtl\/2015\/04\/21\/lanormalitzacio-a-denia-el-tsj-valida-lactuacio-del-tecnic-linguistic\/","title":{"rendered":"L&#8217;anormalitzaci\u00f3 a D\u00e9nia: el TSJ valida l&#8217;actuaci\u00f3 del t\u00e8cnic ling\u00fc\u00edstic"},"content":{"rendered":"<p>Han hagut de passar tres anys (veg. <span class=\"versaleta\"><a href=\"http:\/\/www.cdlpv.org\/dtl\/?s=L%27anormalitzaci%C3%B3&#038;submit.x=0&#038;submit.y=0\" target=\"_blank\">dtl<\/a><\/span>) i ha calgut arribar al Tribunal Superior de Just\u00edcia, per\u00f2 finalment han condemnat l&#8217;actuaci\u00f3 de l&#8217;equip de govern de l&#8217;alcaldessa Ana Kringe en D\u00e9nia contra els drets ling\u00fc\u00edstics dels ciutadans i, en particular, contra l&#8217;actuaci\u00f3 professional del t\u00e8cnic ling\u00fc\u00edstic municipal d&#8217;aquell moment, Josep Andr\u00e9s. Segons la not\u00edcia apareguda en l&#8217;informatiu <em>La Marina Plaza<\/em> <a href=\"http:\/\/lamarinaplaza.com\/2015\/04\/21\/el-tsj-condena-a-denia-a-readmitir-al-tecnico-de-normalitzacio-linguistica-al-que-despidio-kringe-por-hacer-un-informe-critico-con-el-uso-del-valenciano-por-el-consistorio\/\" target=\"_blank\">(21.04.2015)<\/a>:<\/p>\n<blockquote>\n<h2>El TSJ condena a D\u00e9nia a readmitir al t\u00e9cnico de Normalitzaci\u00f3 Ling\u00fc\u00edstica al que despidi\u00f3 Kringe por hacer un informe cr\u00edtico con el uso del valenciano por el consistorio<\/h2>\n<blockquote>\n<li>El funcionario interino fue despedido por elaborar un informe cr\u00edtico con el uso de la lengua en una campa\u00f1a municipal a petici\u00f3n de un edil de la oposici\u00f3n\n<li>La sentencia se\u00f1ala que el ejecutivo local confundi\u00f3 el inter\u00e9s p\u00fablico con el inter\u00e9s del equipo de gobierno al expedientar al trabajador\n<li>El ayuntamiento tendr\u00e1 que abonar adem\u00e1s a Josep Andr\u00e9s todas las cantidades dejadas de percibir desde principios de 2012 m\u00e1s los intereses correspondientes\n<\/p><\/blockquote>\n[&#8230;]\n<p>La sentencia de la Sala de lo Contencioso de la Secci\u00f3n 2 del TSJ no s\u00f3lo es contundente en cuanto a que Andr\u00e9s debe reingresar a su puesto en el Ayuntamiento de D\u00e9nia, sino que adem\u00e1s critica con claridad la decisi\u00f3n de despedirlo tomada en su d\u00eda por la alcaldesa Ana Kringe. Sobre todo, con una frase lapidaria: \u00abno se puede confundir el inter\u00e9s p\u00fablico con el inter\u00e9s del equipo de gobierno del municipio\u00bb, afirma. El contenido del informe era cr\u00edtico con la gesti\u00f3n municipal, por cuanto que advert\u00eda del incumplimiento de la normativa sobre el valenciano, y en este sentido la sentencia recuerda que la Constituci\u00f3n se\u00f1ala que \u00abla administraci\u00f3n p\u00fablica sirve con objetividad los intereses generales\u00bb, m\u00e1s all\u00e1 de si al hacerlo favorece o perjudica los intereses del partido o partidos que la gobiernan.\n<\/p><\/blockquote>\n","protected":false},"excerpt":{"rendered":"<p>Han hagut de passar tres anys (veg. dtl) i ha calgut arribar al Tribunal Superior de Just\u00edcia, per\u00f2 finalment han condemnat l&#8217;actuaci\u00f3 de l&#8217;equip de govern de l&#8217;alcaldessa Ana Kringe en D\u00e9nia contra els drets ling\u00fc\u00edstics dels ciutadans i, en particular, contra l&#8217;actuaci\u00f3 professional del t\u00e8cnic ling\u00fc\u00edstic municipal d&#8217;aquell moment, Josep Andr\u00e9s. Segons la not\u00edcia [&hellip;]<\/p>\n","protected":false},"author":2,"featured_media":0,"comment_status":"open","ping_status":"open","sticky":false,"template":"","format":"standard","meta":{"footnotes":""},"categories":[4,1,14,19],"tags":[140,270],"class_list":["post-2900","post","type-post","status-publish","format-standard","hentry","category-dret","category-general","category-jurisprudencia","category-politica","tag-denia","tag-laboral"],"_links":{"self":[{"href":"https:\/\/www.cdlpv.org\/dtl\/wp-json\/wp\/v2\/posts\/2900","targetHints":{"allow":["GET"]}}],"collection":[{"href":"https:\/\/www.cdlpv.org\/dtl\/wp-json\/wp\/v2\/posts"}],"about":[{"href":"https:\/\/www.cdlpv.org\/dtl\/wp-json\/wp\/v2\/types\/post"}],"author":[{"embeddable":true,"href":"https:\/\/www.cdlpv.org\/dtl\/wp-json\/wp\/v2\/users\/2"}],"replies":[{"embeddable":true,"href":"https:\/\/www.cdlpv.org\/dtl\/wp-json\/wp\/v2\/comments?post=2900"}],"version-history":[{"count":1,"href":"https:\/\/www.cdlpv.org\/dtl\/wp-json\/wp\/v2\/posts\/2900\/revisions"}],"predecessor-version":[{"id":2901,"href":"https:\/\/www.cdlpv.org\/dtl\/wp-json\/wp\/v2\/posts\/2900\/revisions\/2901"}],"wp:attachment":[{"href":"https:\/\/www.cdlpv.org\/dtl\/wp-json\/wp\/v2\/media?parent=2900"}],"wp:term":[{"taxonomy":"category","embeddable":true,"href":"https:\/\/www.cdlpv.org\/dtl\/wp-json\/wp\/v2\/categories?post=2900"},{"taxonomy":"post_tag","embeddable":true,"href":"https:\/\/www.cdlpv.org\/dtl\/wp-json\/wp\/v2\/tags?post=2900"}],"curies":[{"name":"wp","href":"https:\/\/api.w.org\/{rel}","templated":true}]}}