{"id":29,"date":"2007-01-05T21:46:59","date_gmt":"2007-01-05T19:46:59","guid":{"rendered":"http:\/\/www.cdlpv.org\/dtl\/?p=29"},"modified":"2007-01-05T21:46:59","modified_gmt":"2007-01-05T19:46:59","slug":"lent-i-insegur-el-20-en-20-anys","status":"publish","type":"post","link":"https:\/\/www.cdlpv.org\/dtl\/2007\/01\/05\/lent-i-insegur-el-20-en-20-anys\/","title":{"rendered":"Lent i insegur: el 20% en 20 anys"},"content":{"rendered":"<p>Comencem l&#8217;any amb un prop\u00f2sit que diem: millorar l&#8217;any anterior. Aix\u00ed que si al Govern valenci\u00e0 del PP li feia falta una dada com a nord de millora per al que li queda de legislatura, doncs, podria ser mirar de maquillar el paperet tan trist que fan en l&#8217;educaci\u00f3. Potser en lloc de dur els xiquets a vore animals empresonats en oceanogr\u00e0fics onerosos els podrien explicar per qu\u00e8 hi ha instituts provisionals que complixen algunes d\u00e8cades de provisionalitat. Per cert, per qu\u00e8 afavorixen nom\u00e9s un 20% dels alumnes permetent-los ser normalment biling\u00fces com som tots els valencians i els ho impedixen al 80% restant? Diria que n&#8217;han pensat alguna bona&#8230;<\/p>\n<p>D&#8217;altra banda, i per comen\u00e7ar b\u00e9 l&#8217;any, podem dir que hi ha nou servei ling\u00fc\u00edstic a <a href=\"http:\/\/www.geocities.com\/golls.geo\/ServeisL\/Entorn.htm\">Pen\u00edscola<\/a>; i que Vila-real i la Vall d&#8217;Ebo tenen ja la denominaci\u00f3 oficial \u00fanicament en valenci\u00e0. A poc a poc.<\/p>\n<blockquote>\n<p align=\"right\"><a href=\"http:\/\/www.avui.cat\/avui\/diari\/07\/gen\/05\/311740.htm\"><em>Avui<\/em>, 05.01.2007<\/a><\/p>\n<h1>Sols un 20% d&#8217;alumnes estudien en valenci\u00e0<\/h1>\n<p>Lourdes Velasco<\/p>\n<p>Solament dos de cada 10 alumnes estudien en valenci\u00e0, despr\u00e9s de m\u00e9s de vint anys de l&#8217;aprovaci\u00f3 de la llei d&#8217;\u00fas i ensenyament, segons el Sindicat de Treballadors de l&#8217;Ensenyament del Pa\u00eds Valenci\u00e0 (STEPV).<\/p>\n<p>En el seu balan\u00e7 educatiu de l&#8217;any 2006, el sindicat mant\u00e9 que &#8220;el nombre de programes d&#8217;ensenyament en valenci\u00e0 est\u00e0 aturat&#8221;, i que l&#8217;\u00fanica explicaci\u00f3 al fet que cada vegada hi hagi m\u00e9s nois escolaritzats en catal\u00e0 &#8220;\u00e9s el creixement vegetatiu del nombre de grups en cada centre, no l&#8217;augment de les l\u00ednies educatives en valenci\u00e0&#8221;.<\/p>\n<p>Al Pa\u00eds Valenci\u00e0, d&#8217;un total de 720.000 alumnes matriculats, estudien en valenci\u00e0 al voltant de 122.200 nens d&#8217;infantil i prim\u00e0ria i solament 47.612 de secund\u00e0ria, segons l&#8217;administraci\u00f3. L&#8217;STEPV denuncia que els alumnes de secund\u00e0ria tenen dificultats per continuar aprenent en valenci\u00e0, perqu\u00e8 als instituts hi ha menys unitats que a les escoles.<\/p>\n<p>El sindicat alerta tamb\u00e9 del poc \u00fas de la llengua que fa l&#8217;administraci\u00f3 en les comunicacions als centres, els documents oficials o en les intervencions p\u00fabliques. Per aix\u00f2 assegura que &#8220;s&#8217;incompleixen la llei d&#8217;\u00fas i les sent\u00e8ncies dels tribunals de just\u00edcia que reconeixen la unitat de la llengua&#8221;.<\/p>\n<p>D&#8217;altra banda, l&#8217;STEPV lamenta la manca de recursos i d&#8217;un pla per a l&#8217;escolaritzaci\u00f3 d&#8217;immigrants i la tend\u00e8ncia a la privatitzaci\u00f3. A m\u00e9s, denuncia que no s&#8217;han constru\u00eft part dels centres educatius projectats el 1996.<\/p>\n<\/blockquote>\n","protected":false},"excerpt":{"rendered":"<p>Comencem l&#8217;any amb un prop\u00f2sit que diem: millorar l&#8217;any anterior. Aix\u00ed que si al Govern valenci\u00e0 del PP li feia falta una dada com a nord de millora per al que li queda de legislatura, doncs, podria ser mirar de maquillar el paperet tan trist que fan en l&#8217;educaci\u00f3. Potser en lloc de dur els [&hellip;]<\/p>\n","protected":false},"author":2,"featured_media":0,"comment_status":"open","ping_status":"open","sticky":false,"template":"","format":"standard","meta":{"footnotes":""},"categories":[1,47,19],"tags":[],"class_list":["post-29","post","type-post","status-publish","format-standard","hentry","category-general","category-planificacio","category-politica"],"_links":{"self":[{"href":"https:\/\/www.cdlpv.org\/dtl\/wp-json\/wp\/v2\/posts\/29","targetHints":{"allow":["GET"]}}],"collection":[{"href":"https:\/\/www.cdlpv.org\/dtl\/wp-json\/wp\/v2\/posts"}],"about":[{"href":"https:\/\/www.cdlpv.org\/dtl\/wp-json\/wp\/v2\/types\/post"}],"author":[{"embeddable":true,"href":"https:\/\/www.cdlpv.org\/dtl\/wp-json\/wp\/v2\/users\/2"}],"replies":[{"embeddable":true,"href":"https:\/\/www.cdlpv.org\/dtl\/wp-json\/wp\/v2\/comments?post=29"}],"version-history":[{"count":0,"href":"https:\/\/www.cdlpv.org\/dtl\/wp-json\/wp\/v2\/posts\/29\/revisions"}],"wp:attachment":[{"href":"https:\/\/www.cdlpv.org\/dtl\/wp-json\/wp\/v2\/media?parent=29"}],"wp:term":[{"taxonomy":"category","embeddable":true,"href":"https:\/\/www.cdlpv.org\/dtl\/wp-json\/wp\/v2\/categories?post=29"},{"taxonomy":"post_tag","embeddable":true,"href":"https:\/\/www.cdlpv.org\/dtl\/wp-json\/wp\/v2\/tags?post=29"}],"curies":[{"name":"wp","href":"https:\/\/api.w.org\/{rel}","templated":true}]}}