{"id":2897,"date":"2015-03-31T10:02:02","date_gmt":"2015-03-31T10:02:02","guid":{"rendered":"http:\/\/www.cdlpv.org\/dtl\/?p=2897"},"modified":"2015-09-28T10:05:35","modified_gmt":"2015-09-28T10:05:35","slug":"el-valencia-en-la-gestoria","status":"publish","type":"post","link":"https:\/\/www.cdlpv.org\/dtl\/2015\/03\/31\/el-valencia-en-la-gestoria\/","title":{"rendered":"El valenci\u00e0 en la gestoria"},"content":{"rendered":"<p>No s\u00f3n habituals les novetats en l&#8217;aplicaci\u00f3 del requisit de disponibilitat ling\u00fc\u00edstica al Pa\u00eds Valenci\u00e0. El company Josep Mol\u00e9s ha localitzat una novetat sobre la q\u00fcesti\u00f3 en l&#8217;<a href=\"http:\/\/www.docv.gva.es\/datos\/2015\/02\/19\/pdf\/2015_1318.pdf\" target=\"_blank\">Ordre 2\/2015<\/a> de la Conselleria de Governaci\u00f3 i Just\u00edcia, que ha incorporat una \u00abacreditaci\u00f3 de l&#8217;idioma valenci\u00e0\u00bb en el funcionament de les gestories administratives. Segons el punt 12.<span class=\"versaleta\">vi<\/span>:<\/p>\n<blockquote><p>VI. Idioma valenci\u00e0<br \/>\n<em>Dotze. Acreditaci\u00f3 de l\u2019idioma valenci\u00e0<\/em><br \/>\n1. A fi de complir amb el que disposen l\u2019Estatut d\u2019Autonomia de la Comunitat Valenciana, la Llei 4\/1983, de 23 de novembre, d\u2019\u00das i Ensenyament del Valenci\u00e0, i el Reial Decret 981\/2013, de 13 de desembre, sobre trasp\u00e0s de funcions de l\u2019Administraci\u00f3 de l\u2019Estat a la Generalitat de la Comunitat Valenciana en mat\u00e8ria d\u2019expedici\u00f3 del t\u00edtol de gestor administratiu, els participants declarats aptes en les proves hauran d\u2019acreditar que la gestoria administrativa a la qual aspiren estar\u00e0 en condicions d\u2019atendre els ciutadans i ciutadanes en qualsevol de les dos lleng\u00fces oficials de la Comunitat Valenciana, aix\u00ed com disposar de personal que tinga coneixement adequat i suficient per a exercir les funcions pr\u00f2pies del seu lloc de treball.<br \/>\n2. Les persones declarades aptes en les proves podran complir l\u2019obligaci\u00f3 ressenyada en l\u2019apartat anterior per mitj\u00e0 de l\u2019aportaci\u00f3 de qualsevol dels documents seg\u00fcents:<br \/>\n<em>a<\/em>) C\u00f2pia compulsada o confrontada de:<br \/>\n\u2013 T\u00edtol de Batxillerat o equivalent cursat en la Comunitat Valenciana, amb superaci\u00f3 de les assignatures de valenci\u00e0.<br \/>\n\u2013 T\u00edtol de l\u2019Escola Oficial d\u2019Idiomes corresponent al tercer curs de coneixements de valenci\u00e0.<br \/>\n\u2013 Certificat de Grau Mitj\u00e0 expedit per la Junta Qualificadora de Coneixements de Valenci\u00e0, dependent de la Conselleria d\u2019Educaci\u00f3, Cultura i Esport, de conformitat amb la normativa vigent en este \u00e0mbit.<br \/>\n<em>b<\/em>) Declaraci\u00f3 responsable per la que la persona declarada apta en les proves es compromet a comptar amb personal contractat que dispose d\u2019algun dels documents ressenyats en la lletra <em>a <\/em>d\u2019este mateix apartat.<br \/>\n3. Els participants poden consultar la normativa per la qual es regix l\u2019expedici\u00f3 de certificats per part de la Junta Qualificadora de Coneixements de Valenci\u00e0 en la p\u00e0gina web: <a href=\"http:\/\/www.cece.gva.es\/polin\/val\/jqcv\" target=\"_blank\">http:\/\/www.cece.gva.es\/polin\/val\/jqcv<\/a>.<\/p><\/blockquote>\n<p>El Reial decret 981\/2013 (BOE 310, <a href=\"http:\/\/www.boe.es\/boe\/dias\/2013\/12\/27\/pdfs\/BOE-A-2013-13648.pdf\" target=\"_blank\">27.12.2013<\/a>) estatal que traspassa eixes funcions a la Generalitat valenciana indica:<\/p>\n<blockquote><p>La Generalitat de la Comunitat Valenciana co&#320;laborar\u00e0 amb l&#8217;organitzaci\u00f3 co&#320;legial de gestors administratius corresponent a l&#8217;\u00e0mbit territorial de la Comunitat Valenciana en la confecci\u00f3 i redacci\u00f3 del temari de les proves per a l&#8217;obtenci\u00f3 del t\u00edtol de gestor administratiu, especialment a fi de garantir el coneixement de la normativa auton\u00f2mica i de l&#8217;idioma valenci\u00e0.<\/p><\/blockquote>\n<p>Semblava que el requisit era per a obtenir el t\u00edtol de gestor administratiu, per\u00f2 l&#8217;ordre de la Generalitat aplica l&#8217;obligaci\u00f3 al fet de disposar personal que acredite una capacitaci\u00f3 mitjana en valenci\u00e0.<\/p>\n","protected":false},"excerpt":{"rendered":"<p>No s\u00f3n habituals les novetats en l&#8217;aplicaci\u00f3 del requisit de disponibilitat ling\u00fc\u00edstica al Pa\u00eds Valenci\u00e0. El company Josep Mol\u00e9s ha localitzat una novetat sobre la q\u00fcesti\u00f3 en l&#8217;Ordre 2\/2015 de la Conselleria de Governaci\u00f3 i Just\u00edcia, que ha incorporat una \u00abacreditaci\u00f3 de l&#8217;idioma valenci\u00e0\u00bb en el funcionament de les gestories administratives. Segons el punt 12.vi: [&hellip;]<\/p>\n","protected":false},"author":2,"featured_media":0,"comment_status":"open","ping_status":"open","sticky":false,"template":"","format":"standard","meta":{"footnotes":""},"categories":[3,4,7,10,1,24],"tags":[259],"class_list":["post-2897","post","type-post","status-publish","format-standard","hentry","category-documentacio","category-dret","category-empreses","category-formacio","category-general","category-requisit-linguistic","tag-jqcv"],"_links":{"self":[{"href":"https:\/\/www.cdlpv.org\/dtl\/wp-json\/wp\/v2\/posts\/2897","targetHints":{"allow":["GET"]}}],"collection":[{"href":"https:\/\/www.cdlpv.org\/dtl\/wp-json\/wp\/v2\/posts"}],"about":[{"href":"https:\/\/www.cdlpv.org\/dtl\/wp-json\/wp\/v2\/types\/post"}],"author":[{"embeddable":true,"href":"https:\/\/www.cdlpv.org\/dtl\/wp-json\/wp\/v2\/users\/2"}],"replies":[{"embeddable":true,"href":"https:\/\/www.cdlpv.org\/dtl\/wp-json\/wp\/v2\/comments?post=2897"}],"version-history":[{"count":2,"href":"https:\/\/www.cdlpv.org\/dtl\/wp-json\/wp\/v2\/posts\/2897\/revisions"}],"predecessor-version":[{"id":2899,"href":"https:\/\/www.cdlpv.org\/dtl\/wp-json\/wp\/v2\/posts\/2897\/revisions\/2899"}],"wp:attachment":[{"href":"https:\/\/www.cdlpv.org\/dtl\/wp-json\/wp\/v2\/media?parent=2897"}],"wp:term":[{"taxonomy":"category","embeddable":true,"href":"https:\/\/www.cdlpv.org\/dtl\/wp-json\/wp\/v2\/categories?post=2897"},{"taxonomy":"post_tag","embeddable":true,"href":"https:\/\/www.cdlpv.org\/dtl\/wp-json\/wp\/v2\/tags?post=2897"}],"curies":[{"name":"wp","href":"https:\/\/api.w.org\/{rel}","templated":true}]}}