{"id":2895,"date":"2015-02-15T09:59:03","date_gmt":"2015-02-15T09:59:03","guid":{"rendered":"http:\/\/www.cdlpv.org\/dtl\/?p=2895"},"modified":"2015-09-28T10:01:55","modified_gmt":"2015-09-28T10:01:55","slug":"poc-de-gallec","status":"publish","type":"post","link":"https:\/\/www.cdlpv.org\/dtl\/2015\/02\/15\/poc-de-gallec\/","title":{"rendered":"Poc de gallec"},"content":{"rendered":"<p>Els valencians no som Gr\u00e8cia ni Portugal, per\u00f2 haurem de vigilar que no hi haja massa concomit\u00e0ncies amb Gal\u00edcia. Segons el diari <em>El Pa\u00eds,<\/em> <a href=\"http:\/\/politica.elpais.com\/politica\/2015\/02\/07\/actualidad\/1423332980_571320.html\" target=\"_blank\">(08.02.2015)<\/a>:<\/p>\n<blockquote>\n<h2>Los j\u00f3venes &#8216;falan&#8217; poco galego<\/h2>\n<h3>Solo uno de cada cuatro menores de 15 a\u00f1os hablaba habitualmente, en 2013, la lengua cooficial. Se ha disparado el n\u00famero de castellanoparlantes<\/h3>\n<p><a href=\"http:\/\/www.cdlpv.org\/dtl\/wp-content\/uploads\/2015\/02\/estadistiquesgallec.png\"><img loading=\"lazy\" decoding=\"async\" src=\"http:\/\/www.cdlpv.org\/dtl\/wp-content\/uploads\/2015\/02\/estadistiquesgallec.png\" alt=\"estadistiquesgallec\" width=\"385\" height=\"752\" class=\"aligncenter size-full wp-image-2957\" \/><\/a>\n<\/p><\/blockquote>\n","protected":false},"excerpt":{"rendered":"<p>Els valencians no som Gr\u00e8cia ni Portugal, per\u00f2 haurem de vigilar que no hi haja massa concomit\u00e0ncies amb Gal\u00edcia. Segons el diari El Pa\u00eds, (08.02.2015): Los j\u00f3venes &#8216;falan&#8217; poco galego Solo uno de cada cuatro menores de 15 a\u00f1os hablaba habitualmente, en 2013, la lengua cooficial. Se ha disparado el n\u00famero de castellanoparlantes<\/p>\n","protected":false},"author":2,"featured_media":0,"comment_status":"open","ping_status":"open","sticky":false,"template":"","format":"standard","meta":{"footnotes":""},"categories":[45,10,20,27],"tags":[189,218],"class_list":["post-2895","post","type-post","status-publish","format-standard","hentry","category-ensenyament","category-formacio","category-portugues-documentacio","category-sociolinguistica","tag-estadistiques","tag-galicia"],"_links":{"self":[{"href":"https:\/\/www.cdlpv.org\/dtl\/wp-json\/wp\/v2\/posts\/2895","targetHints":{"allow":["GET"]}}],"collection":[{"href":"https:\/\/www.cdlpv.org\/dtl\/wp-json\/wp\/v2\/posts"}],"about":[{"href":"https:\/\/www.cdlpv.org\/dtl\/wp-json\/wp\/v2\/types\/post"}],"author":[{"embeddable":true,"href":"https:\/\/www.cdlpv.org\/dtl\/wp-json\/wp\/v2\/users\/2"}],"replies":[{"embeddable":true,"href":"https:\/\/www.cdlpv.org\/dtl\/wp-json\/wp\/v2\/comments?post=2895"}],"version-history":[{"count":1,"href":"https:\/\/www.cdlpv.org\/dtl\/wp-json\/wp\/v2\/posts\/2895\/revisions"}],"predecessor-version":[{"id":2896,"href":"https:\/\/www.cdlpv.org\/dtl\/wp-json\/wp\/v2\/posts\/2895\/revisions\/2896"}],"wp:attachment":[{"href":"https:\/\/www.cdlpv.org\/dtl\/wp-json\/wp\/v2\/media?parent=2895"}],"wp:term":[{"taxonomy":"category","embeddable":true,"href":"https:\/\/www.cdlpv.org\/dtl\/wp-json\/wp\/v2\/categories?post=2895"},{"taxonomy":"post_tag","embeddable":true,"href":"https:\/\/www.cdlpv.org\/dtl\/wp-json\/wp\/v2\/tags?post=2895"}],"curies":[{"name":"wp","href":"https:\/\/api.w.org\/{rel}","templated":true}]}}