{"id":2892,"date":"2015-09-24T07:52:40","date_gmt":"2015-09-24T07:52:40","guid":{"rendered":"http:\/\/www.cdlpv.org\/dtl\/?p=2892"},"modified":"2015-09-24T07:52:40","modified_gmt":"2015-09-24T07:52:40","slug":"presentacio-de-la-direccio-general-de-politica-linguistica-i-gestio-del-multilinguisme","status":"publish","type":"post","link":"https:\/\/www.cdlpv.org\/dtl\/2015\/09\/24\/presentacio-de-la-direccio-general-de-politica-linguistica-i-gestio-del-multilinguisme\/","title":{"rendered":"Presentaci\u00f3 de la Direcci\u00f3 General de Pol\u00edtica Ling\u00fc\u00edstica i Gesti\u00f3 del Multiling\u00fcisme"},"content":{"rendered":"<p>Hui mateix, a les 12:30, es far\u00e0 la presentaci\u00f3 de la Direcci\u00f3 General de Pol\u00edtica Ling\u00fc\u00edstica i Gesti\u00f3 del Multiling\u00fcisme de la Generalitat Valenciana per tal de commemorar el Dia Europeu de les Lleng\u00fces. L&#8217;acte tindr\u00e0 lloc a les drassanes del Grau, pla\u00e7a Joan Antoni Benlliure, s\/n (46011 Val\u00e8ncia). Coincidix la presentaci\u00f3 amb la publicaci\u00f3 en el <span class=\"versaleta\"><em>docv<\/em><\/span> fa dos dies <a href=\"http:\/\/www.docv.gva.es\/datos\/2015\/09\/22\/pdf\/2015_7709.pdf\" target=\"_blank\">(22.09.2015)<\/a>, per fi, del reglament de la Conselleria d&#8217;Educaci\u00f3, Investigaci\u00f3, Cultura i Esport, on han incl\u00f2s eixa direcci\u00f3 general, dirigida per Rub\u00e9n Trenzano Juan, que t\u00e9 les compet\u00e8ncies seg\u00fcents (veg. <a href=\"http:\/\/www.gvaoberta.gva.es\/va\/ficha-alto-cargo;jsessionid=74A92DDC40D84D9C4F89949938E867F1.node1?articleId=162125751\" target=\"_blank\">GVA oberta<\/a>):<\/p>\n<blockquote><p>\nAssumeix les funcions en mat\u00e8ria de pol\u00edtica ling\u00fc\u00edstica, traducci\u00f3 i correcci\u00f3 de textos, i multiling\u00fcisme en l&#8217;\u00e0mbit dels ensenyaments no universitaris, aix\u00ed com l&#8217;ordenaci\u00f3 i gesti\u00f3 de les escoles oficials d&#8217;idiomes. Tindr\u00e0 com a finalitat impulsar el desplegament de la legislaci\u00f3 ling\u00fc\u00edstica derivada de l&#8217;article 6 de l&#8217;Estatut d&#8217;Autonomia de la Comunitat Valenciana, i vetlar per l&#8217;aplicaci\u00f3 de la pol\u00edtica ling\u00fc\u00edstica que estableix el Consell per a les dues lleng\u00fces oficials, per a la normalitzaci\u00f3, la promoci\u00f3 de l&#8217;\u00fas del valenci\u00e0 i per a la gesti\u00f3 del multiling\u00fcisme i els programes europeus\n<\/p><\/blockquote>\n<p>La direcci\u00f3 general t\u00e9 una Subdirecci\u00f3 General de Pol\u00edtica Ling\u00fc\u00edstica i Gesti\u00f3 del Multiling\u00fcisme, organitzada amb els serveis seg\u00fcents:<\/p>\n<blockquote><p>\n<em>a<\/em>) Servei de Promoci\u00f3<br \/>\n<em>b<\/em>) Servei d\u2019\u00das i Drets ling\u00fc\u00edstics<br \/>\n<em>c<\/em>) Servei d\u2019Idiomes i Programes Europeus<br \/>\n<em>d<\/em>) Servei d\u2019Acreditaci\u00f3 i Assessorament<br \/>\n<em>e<\/em>) Servei d\u2019Estudis i Planificaci\u00f3\n<\/p><\/blockquote>\n","protected":false},"excerpt":{"rendered":"<p>Hui mateix, a les 12:30, es far\u00e0 la presentaci\u00f3 de la Direcci\u00f3 General de Pol\u00edtica Ling\u00fc\u00edstica i Gesti\u00f3 del Multiling\u00fcisme de la Generalitat Valenciana per tal de commemorar el Dia Europeu de les Lleng\u00fces. L&#8217;acte tindr\u00e0 lloc a les drassanes del Grau, pla\u00e7a Joan Antoni Benlliure, s\/n (46011 Val\u00e8ncia). Coincidix la presentaci\u00f3 amb la publicaci\u00f3 [&hellip;]<\/p>\n","protected":false},"author":2,"featured_media":0,"comment_status":"open","ping_status":"open","sticky":false,"template":"","format":"standard","meta":{"footnotes":""},"categories":[4,1,19,26],"tags":[224],"class_list":["post-2892","post","type-post","status-publish","format-standard","hentry","category-dret","category-general","category-politica","category-serveis-linguistics","tag-generalitat-valenciana"],"_links":{"self":[{"href":"https:\/\/www.cdlpv.org\/dtl\/wp-json\/wp\/v2\/posts\/2892","targetHints":{"allow":["GET"]}}],"collection":[{"href":"https:\/\/www.cdlpv.org\/dtl\/wp-json\/wp\/v2\/posts"}],"about":[{"href":"https:\/\/www.cdlpv.org\/dtl\/wp-json\/wp\/v2\/types\/post"}],"author":[{"embeddable":true,"href":"https:\/\/www.cdlpv.org\/dtl\/wp-json\/wp\/v2\/users\/2"}],"replies":[{"embeddable":true,"href":"https:\/\/www.cdlpv.org\/dtl\/wp-json\/wp\/v2\/comments?post=2892"}],"version-history":[{"count":1,"href":"https:\/\/www.cdlpv.org\/dtl\/wp-json\/wp\/v2\/posts\/2892\/revisions"}],"predecessor-version":[{"id":2893,"href":"https:\/\/www.cdlpv.org\/dtl\/wp-json\/wp\/v2\/posts\/2892\/revisions\/2893"}],"wp:attachment":[{"href":"https:\/\/www.cdlpv.org\/dtl\/wp-json\/wp\/v2\/media?parent=2892"}],"wp:term":[{"taxonomy":"category","embeddable":true,"href":"https:\/\/www.cdlpv.org\/dtl\/wp-json\/wp\/v2\/categories?post=2892"},{"taxonomy":"post_tag","embeddable":true,"href":"https:\/\/www.cdlpv.org\/dtl\/wp-json\/wp\/v2\/tags?post=2892"}],"curies":[{"name":"wp","href":"https:\/\/api.w.org\/{rel}","templated":true}]}}