{"id":289,"date":"2008-01-22T21:51:02","date_gmt":"2008-01-22T20:51:02","guid":{"rendered":"http:\/\/www.cdlpv.org\/dtl\/?p=289"},"modified":"2008-01-22T21:51:02","modified_gmt":"2008-01-22T20:51:02","slug":"enyoranca-duna-de-gran","status":"publish","type":"post","link":"https:\/\/www.cdlpv.org\/dtl\/2008\/01\/22\/enyoranca-duna-de-gran\/","title":{"rendered":"Enyoran\u00e7a d\u2019una de gran"},"content":{"rendered":"<p>Tanta declaraci\u00f3 esfor\u00e7ada que intentava traure les discussions sobre la llengua o les lleng\u00fces del debat pol\u00edtic partidista i de la manipulaci\u00f3 demag\u00f2gica sembla que no servir\u00e0 definitivament per a res, com ja sab\u00edem massa els valencians, afectats d&#8217;una passa de <em>senya d&#8217;identitat<\/em> que fa enrojolir galtes per\u00f2 que il\u00b7lustra ben poques lleng\u00fces.<\/p>\n<p>Segons el diari <em>El Pa\u00eds<\/em> (<a href=\"http:\/\/www.elpais.com\/articulo\/espana\/Rajoy\/afirma\/garantizara\/estudio\/castellano\/toda\/Espana\/elpepiesp\/20080121elpepinac_5\/Tes\" target=\"_blank\">21.01.2008<\/a>; versi\u00f3 tradu\u00efda amb l&#8217;ajuda de l&#8217;Internostrum):<\/p>\n<blockquote>\n<h2>Rajoy afirma que garantir\u00e0 l&#8217;estudi en castell\u00e0 en tota Espanya<\/h2>\n<h3>La mesura afectaria compet\u00e8ncies que ara corresponen a les autonomies<\/h3>\n<h5>J. A. Auni\u00f3n &#8211; Madrid &#8211; 21.01.2008<\/h5>\n<p>El candidat del <span class=\"versaleta\">pp<\/span> a president del govern, Mariano Rajoy, es va comprometre ahir a garantir per llei que, en totes les comunitats aut\u00f2nomes, els estudiants que ho desitgen cursen en castell\u00e0 la majoria de les assignatures. El l\u00edder del <span class=\"versaleta\">pp<\/span> va afirmar que si guanya les eleccions del pr\u00f2xim 9 de mar\u00e7 plantejar\u00e0 una estrat\u00e8gia per als pr\u00f2xims deu anys en mat\u00e8ria d&#8217;educaci\u00f3, per a la qual cosa convocar\u00e0 al principal partit de l&#8217;oposici\u00f3 i a totes les administracions i sectors educatius.<\/p>\n<p>Per a complir el seu comprom\u00eds sobre l&#8217;ensenyament en castell\u00e0 en les comunitats amb llengua cooficial, Rajoy hauria de pactar amb les comunitats aut\u00f2nomes, ja que afecta les seues normatives, alguna amb rang estatutari. L&#8217;actual normativa estatal no legisla sobre este punt, m\u00e9s enll\u00e0 de l&#8217;horari m\u00ednim de la mat\u00e8ria de llengua i literatura castellana i d&#8217;establir que els alumnes en eixir d&#8217;escola han de ser competents en espanyol i en la llengua cooficial, si n&#8217;hi ha.<\/p>\n<p>En Catalunya, la llengua vehicular en les escoles \u00e9s el catal\u00e0. La llei auton\u00f2mica establix que qui vulga estudiar en castell\u00e0, pot fer-ho. Els pares han de sol\u00b7licitar-lo i el professor, que es dirigix en catal\u00e0 a tots els alumnes, ho fa en castell\u00e0 amb ell. El material escolar tamb\u00e9 ha d&#8217;estar en este cas en castell\u00e0. En el Pa\u00eds Basc, els ecolares poden triar entre estudiar en castell\u00e0, en basc o en un model biling\u00fce, alguna cosa molt semblat al que ocorre a Navarra. El Govern basc prepara una reforma per a establir nom\u00e9s l&#8217;\u00e8uscar com a llengua principal. Ja hi han hagut protestes de pares.<\/p>\n<p>La Xunta de Gal\u00edcia, integrada per <span class=\"versaleta\">psoe<\/span> i <span class=\"versaleta\">bng<\/span>, ha convertit en norma un antic pla dels anteriors governants, del <span class=\"versaleta\">pp<\/span>, que establix que almenys la meitat de les assignatures s&#8217;estudiaran en gallec. Aix\u00ed, la llei que promet Rajoy podria afectar tamb\u00e9 esta normativa. En la Comunitat Valenciana hi ha dues vies, en castell\u00e0 i valenci\u00e0. I a Balears hi ha un model a mitjan cam\u00ed entre el valenci\u00e0 i el catal\u00e0.<\/p>\n<p>La proposta de Rajoy vol aconseguir, segons va dir, \u00abun biling\u00fcisme integrador\u00bb. Aix\u00ed ho va explicar ahir, despr\u00e9s de tres jornades de debat de les quals han eixit les principals promeses educatives del programa del <span class=\"versaleta\">pp<\/span>. Per a comen\u00e7ar, l&#8217;eliminaci\u00f3 de l&#8217;assignatura d&#8217;Educaci\u00f3 per a la Ciutadania, molt criticada, entre uns altres, pels bisbes, perqu\u00e8 asseguren que pret\u00e9n adoctrinar. L&#8217;alternativa seria incloure m\u00e9s continguts c\u00edvics en les Ci\u00e8ncies Socials. [&#8230;]\n<\/p><\/blockquote>\n<p>Deixant a banda algunes coses que deixa caure el periodista i les que no diu, certament, al Pa\u00eds Valenci\u00e0 caldria que Rajoy s&#8217;esfor\u00e7ara molt per a aconseguir que nom\u00e9s estudiaren en castell\u00e0 aquells que ho desitgen, ja que les protestes al Pa\u00eds Valenci\u00e0 van en sentit contrari, que no aconseguixen aprendre valenci\u00e0, i aix\u00f2 que continua sent la llengua pr\u00f2pia i oficial.<\/p>\n<p>En tot cas, la proposta no sembla que vullga millorar l&#8217;aprenentatge i la formaci\u00f3 ling\u00fc\u00edstica, sin\u00f3 \u00fanicament \u00e9s una crida patriotera per l&#8217;espanyol. Una crida patriotera que ja ens indica que el to del <span class=\"versaleta\">pp<\/span> apel\u00b7la m\u00e9s als budells que a la ra\u00f3. Deuen pensar que no poden perdre els vots que els resten Ciutadans i <span class=\"versaleta\">upd<\/span>, i que ja \u00e9s hora de tornar a les arrels, en companyia de la tradici\u00f3 de segles de <a href=\"http:\/\/www.cdlpv.org\/Fitxes\/Textos\/C\/castella.htm\" target=\"_blank\">prohibir<\/a> els drets dels altres perqu\u00e8 s\u00f3n un destorb per als privilegis propis. Ho comenta molt espessament Aurelio Arteta en \u00abA\u00f1oranza de Babel\u00bb (<em>El Pa\u00eds<\/em>, <a href=\"http:\/\/www.elpais.com\/articulo\/opinion\/Anoranza\/Babel\/elpepiopi\/20080121elpepiopi_4\/Tes\">21.01.2008<\/a>), on despr\u00e9s de pretendre \u00abmodernitzar\u00bb la sent\u00e8ncia <a href=\"http:\/\/www.geocities.com\/asensi.geo\/Legis\/Arxius\/jurisp\/tc.htm\">46\/1991<\/a> del Tribunal Constitucional espanyol assolta el catedr\u00e0tic:<\/p>\n<blockquote><p>\nPel que sembla, nom\u00e9s en veu baixa pot recon\u00e9ixer-se un lloc central a Espanya a l&#8217;espanyol o castell\u00e0, com si fora si m\u00e9s no discutible la seua condici\u00f3 de llengua comuna a tots. \u00c9s comuna no perqu\u00e8 la Constituci\u00f3 proclame que ha de ser-ho, sin\u00f3 que ho proclama justament perqu\u00e8 ho \u00e9s; el dret a servir-se d&#8217;esta llengua procedix del fet previ que tots la coneixem i parlem. I des del b\u00e9 del conjunt &mdah;si \u00e9s que este b\u00e9 com\u00fa encara importa&mdash;, preval este innegable avantatge del castell\u00e0.\n<\/p><\/blockquote>\n<p>\u00c9s clar, no estan per a matisos, la seua s\u00f3n les dades que no es poden comprovar i les generalitzacions banals. La conclusi\u00f3, naturalment, va pel cant\u00f3 de la socioling\u00fc\u00edstica recreativa:<\/p>\n<blockquote><p>\nAl capdavall, en esta mat\u00e8ria ha de regir el principi d&#8217;adequaci\u00f3 a la realitat socioling\u00fc\u00edstica. I des de la nostra plural realitat espanyola s&#8217;obtenen unes conclusions que em semblen inapel\u00b7lables. Que no hi ha dret a escolaritzar a ning\u00fa en una llengua que no siga la pr\u00f2pia de la seua comunitat ling\u00fc\u00edstica, si b\u00e9 pot i ha d&#8217;adoptar-se la cooficial com a llengua auxiliar. Que no s&#8217;incomplix cap dret quan s&#8217;estudia espanyol en tota Espanya i catal\u00e0 nom\u00e9s a Catalunya o gallec nom\u00e9s a Gal\u00edcia, perqu\u00e8 eixe dret divers naix del seu \u00fas real. Que en territoris biling\u00fces seria convenient distingir zones ling\u00fc\u00edstiques &mdash;amb els seus drets diferents&mdash;, com a Navarra, en cas que la llengua cooficial estiguera concentrada nom\u00e9s en unes comarques. Que no hi ha, per tant, una jerarquia entre els ciutadans espanyols a causa de la seua llengua, sin\u00f3 una difer\u00e8ncia qualitativa que els imprimixen les seues lleng\u00fces diverses per la seua extensi\u00f3: una comuna i altres particulars. Que cada comunitat biling\u00fce ha de comptar amb funcionaris competents en les lleng\u00fces cooficials, nom\u00e9s que segons la proporci\u00f3 d&#8217;usuaris i les tasques p\u00fabliques acords amb la conducta habitual dels parlants; que tots els espanyols, en fi, poden comunicar-se en la seua pr\u00f2pia llengua amb els empleats p\u00fablics. No \u00e9s tan dif\u00edcil d&#8217;entendre.\n<\/p><\/blockquote>\n<p>Clar, el que \u00e9s gros \u00e9s que diga que no \u00e9s tan dif\u00edcil d&#8217;entendre, perqu\u00e8 i tant que l&#8217;entenem, per\u00f2 no pel que diu, sin\u00f3 per la manipulaci\u00f3 de la terminologia i per la poca base l\u00f2gica, racional o democr\u00e0tica del seu discurs. En este fragment conv\u00e9 retindre l&#8217;afirmaci\u00f3: \u00abQue no hi ha dret a escolaritzar a ning\u00fa en una llengua que no siga la pr\u00f2pia de la seua comunitat ling\u00fc\u00edstica, si b\u00e9 pot i ha d&#8217;adoptar-se la cooficial com a llengua auxiliar.\u00bb A partir d&#8217;aix\u00f2, la veritat \u00e9s que sabem massa de qu\u00e8 parlem, per\u00f2 no sabem per a qu\u00e8 li ha servit tanta escola com deu tindre, com es diu a la meua comunitat ling\u00fc\u00edstica i en la meua llengua pr\u00f2pia, una de tantes de les que coneixem i parlem quan volem, o quan ens deixen.<\/p>\n","protected":false},"excerpt":{"rendered":"<p>Tanta declaraci\u00f3 esfor\u00e7ada que intentava traure les discussions sobre la llengua o les lleng\u00fces del debat pol\u00edtic partidista i de la manipulaci\u00f3 demag\u00f2gica sembla que no servir\u00e0 definitivament per a res, com ja sab\u00edem massa els valencians, afectats d&#8217;una passa de senya d&#8217;identitat que fa enrojolir galtes per\u00f2 que il\u00b7lustra ben poques lleng\u00fces. Segons el [&hellip;]<\/p>\n","protected":false},"author":2,"featured_media":0,"comment_status":"open","ping_status":"open","sticky":false,"template":"","format":"standard","meta":{"footnotes":""},"categories":[36,10,1,19,24,27],"tags":[152,185],"class_list":["post-289","post","type-post","status-publish","format-standard","hentry","category-allofobia","category-formacio","category-general","category-politica","category-requisit-linguistic","category-sociolinguistica","tag-discriminacio","tag-espanyol"],"_links":{"self":[{"href":"https:\/\/www.cdlpv.org\/dtl\/wp-json\/wp\/v2\/posts\/289","targetHints":{"allow":["GET"]}}],"collection":[{"href":"https:\/\/www.cdlpv.org\/dtl\/wp-json\/wp\/v2\/posts"}],"about":[{"href":"https:\/\/www.cdlpv.org\/dtl\/wp-json\/wp\/v2\/types\/post"}],"author":[{"embeddable":true,"href":"https:\/\/www.cdlpv.org\/dtl\/wp-json\/wp\/v2\/users\/2"}],"replies":[{"embeddable":true,"href":"https:\/\/www.cdlpv.org\/dtl\/wp-json\/wp\/v2\/comments?post=289"}],"version-history":[{"count":0,"href":"https:\/\/www.cdlpv.org\/dtl\/wp-json\/wp\/v2\/posts\/289\/revisions"}],"wp:attachment":[{"href":"https:\/\/www.cdlpv.org\/dtl\/wp-json\/wp\/v2\/media?parent=289"}],"wp:term":[{"taxonomy":"category","embeddable":true,"href":"https:\/\/www.cdlpv.org\/dtl\/wp-json\/wp\/v2\/categories?post=289"},{"taxonomy":"post_tag","embeddable":true,"href":"https:\/\/www.cdlpv.org\/dtl\/wp-json\/wp\/v2\/tags?post=289"}],"curies":[{"name":"wp","href":"https:\/\/api.w.org\/{rel}","templated":true}]}}