{"id":2887,"date":"2014-11-17T07:06:39","date_gmt":"2014-11-17T07:06:39","guid":{"rendered":"http:\/\/www.cdlpv.org\/dtl\/?p=2887"},"modified":"2015-09-24T07:07:47","modified_gmt":"2015-09-24T07:07:47","slug":"mor-antoni-m-badia-i-margarit","status":"publish","type":"post","link":"https:\/\/www.cdlpv.org\/dtl\/2014\/11\/17\/mor-antoni-m-badia-i-margarit\/","title":{"rendered":"Mor Antoni M. Badia i Margarit"},"content":{"rendered":"<p><a href='http:\/\/blogs.iec.cat\/cruscat\/2014\/11\/17\/mor-antoni-m-badia-i-margarit-un-dels-maxims-referents-de-la-linguistica-catalana-de-la-segona-meitat-de-segle-xx\/'>Mor Antoni M. Badia i Margarit, un dels m\u00e0xims referents de la ling\u00fc\u00edstica catalana de la segona meitat de segle XX<\/a>.<\/p>\n","protected":false},"excerpt":{"rendered":"<p>Mor Antoni M. Badia i Margarit, un dels m\u00e0xims referents de la ling\u00fc\u00edstica catalana de la segona meitat de segle XX.<\/p>\n","protected":false},"author":2,"featured_media":0,"comment_status":"open","ping_status":"open","sticky":false,"template":"","format":"standard","meta":{"footnotes":""},"categories":[1],"tags":[132,331],"class_list":["post-2887","post","type-post","status-publish","format-standard","hentry","category-general","tag-cruscat","tag-obituari"],"_links":{"self":[{"href":"https:\/\/www.cdlpv.org\/dtl\/wp-json\/wp\/v2\/posts\/2887","targetHints":{"allow":["GET"]}}],"collection":[{"href":"https:\/\/www.cdlpv.org\/dtl\/wp-json\/wp\/v2\/posts"}],"about":[{"href":"https:\/\/www.cdlpv.org\/dtl\/wp-json\/wp\/v2\/types\/post"}],"author":[{"embeddable":true,"href":"https:\/\/www.cdlpv.org\/dtl\/wp-json\/wp\/v2\/users\/2"}],"replies":[{"embeddable":true,"href":"https:\/\/www.cdlpv.org\/dtl\/wp-json\/wp\/v2\/comments?post=2887"}],"version-history":[{"count":2,"href":"https:\/\/www.cdlpv.org\/dtl\/wp-json\/wp\/v2\/posts\/2887\/revisions"}],"predecessor-version":[{"id":2889,"href":"https:\/\/www.cdlpv.org\/dtl\/wp-json\/wp\/v2\/posts\/2887\/revisions\/2889"}],"wp:attachment":[{"href":"https:\/\/www.cdlpv.org\/dtl\/wp-json\/wp\/v2\/media?parent=2887"}],"wp:term":[{"taxonomy":"category","embeddable":true,"href":"https:\/\/www.cdlpv.org\/dtl\/wp-json\/wp\/v2\/categories?post=2887"},{"taxonomy":"post_tag","embeddable":true,"href":"https:\/\/www.cdlpv.org\/dtl\/wp-json\/wp\/v2\/tags?post=2887"}],"curies":[{"name":"wp","href":"https:\/\/api.w.org\/{rel}","templated":true}]}}