{"id":2885,"date":"2014-07-22T07:05:09","date_gmt":"2014-07-22T07:05:09","guid":{"rendered":"http:\/\/www.cdlpv.org\/dtl\/?p=2885"},"modified":"2015-09-24T07:06:35","modified_gmt":"2015-09-24T07:06:35","slug":"la-interdependencia-dels-nostres-paisos","status":"publish","type":"post","link":"https:\/\/www.cdlpv.org\/dtl\/2014\/07\/22\/la-interdependencia-dels-nostres-paisos\/","title":{"rendered":"La interdepend\u00e8ncia dels nostres pa\u00efsos"},"content":{"rendered":"<p>Analitzant el present i pensant en un dels futurs possibles, Ferran Suay fa una reflexi\u00f3 en \u00abVasos comunicants. Pol\u00edtiques ling\u00fc\u00edstiques en un pa\u00eds partit\u00bb sobre la interrelaci\u00f3 de totes les pol\u00edtiques ling\u00fc\u00edstiques que ens afecten (<abbr=\"Blog de la Revista de Llengua i Dret\">BRLD<\/abbr>, <a href=\"http:\/\/blocs.gencat.cat\/blocs\/AppPHP\/eapc-rld\/2014\/07\/17\/vasos-comunicants-politiques-linguistiques-en-un-pais-partit-ferran-suay\/\" target=\"_blank\">17.07.2014<\/a>):<\/p>\n<blockquote><p>\nUn estat catal\u00e0 independent tindria un impacte indubtable sobre els ciutadans que viuen dins del seu territori. Tamb\u00e9 en tindria, per\u00f2, sobre els qui no viurem a Catalunya i continuarem per tant, sota sobirania espanyola. No em considere capacitat per a opinar amb autoritat sobre el grau de reconeixement formal que hauria de tenir el castell\u00e0 en la futura Rep\u00fablica Catalana. S\u00ed que puc afirmar, tanmateix, que la situaci\u00f3 en qu\u00e8 ens trobarem els catalanoparlants residents als altres territoris en dependr\u00e0 en bona mesura.\n<\/p><\/blockquote>\n","protected":false},"excerpt":{"rendered":"<p>Analitzant el present i pensant en un dels futurs possibles, Ferran Suay fa una reflexi\u00f3 en \u00abVasos comunicants. Pol\u00edtiques ling\u00fc\u00edstiques en un pa\u00eds partit\u00bb sobre la interrelaci\u00f3 de totes les pol\u00edtiques ling\u00fc\u00edstiques que ens afecten (BRLD, 17.07.2014): Un estat catal\u00e0 independent tindria un impacte indubtable sobre els ciutadans que viuen dins del seu territori. Tamb\u00e9 [&hellip;]<\/p>\n","protected":false},"author":2,"featured_media":0,"comment_status":"open","ping_status":"open","sticky":false,"template":"","format":"standard","meta":{"footnotes":""},"categories":[4,1,47,19],"tags":[64],"class_list":["post-2885","post","type-post","status-publish","format-standard","hentry","category-dret","category-general","category-planificacio","category-politica","tag-articles"],"_links":{"self":[{"href":"https:\/\/www.cdlpv.org\/dtl\/wp-json\/wp\/v2\/posts\/2885","targetHints":{"allow":["GET"]}}],"collection":[{"href":"https:\/\/www.cdlpv.org\/dtl\/wp-json\/wp\/v2\/posts"}],"about":[{"href":"https:\/\/www.cdlpv.org\/dtl\/wp-json\/wp\/v2\/types\/post"}],"author":[{"embeddable":true,"href":"https:\/\/www.cdlpv.org\/dtl\/wp-json\/wp\/v2\/users\/2"}],"replies":[{"embeddable":true,"href":"https:\/\/www.cdlpv.org\/dtl\/wp-json\/wp\/v2\/comments?post=2885"}],"version-history":[{"count":1,"href":"https:\/\/www.cdlpv.org\/dtl\/wp-json\/wp\/v2\/posts\/2885\/revisions"}],"predecessor-version":[{"id":2886,"href":"https:\/\/www.cdlpv.org\/dtl\/wp-json\/wp\/v2\/posts\/2885\/revisions\/2886"}],"wp:attachment":[{"href":"https:\/\/www.cdlpv.org\/dtl\/wp-json\/wp\/v2\/media?parent=2885"}],"wp:term":[{"taxonomy":"category","embeddable":true,"href":"https:\/\/www.cdlpv.org\/dtl\/wp-json\/wp\/v2\/categories?post=2885"},{"taxonomy":"post_tag","embeddable":true,"href":"https:\/\/www.cdlpv.org\/dtl\/wp-json\/wp\/v2\/tags?post=2885"}],"curies":[{"name":"wp","href":"https:\/\/api.w.org\/{rel}","templated":true}]}}