{"id":2871,"date":"2015-05-18T11:22:29","date_gmt":"2015-05-18T11:22:29","guid":{"rendered":"http:\/\/www.cdlpv.org\/dtl\/?p=2871"},"modified":"2016-05-19T11:45:43","modified_gmt":"2016-05-19T09:45:43","slug":"denominacions-oficials-benassal","status":"publish","type":"post","link":"https:\/\/www.cdlpv.org\/dtl\/2015\/05\/18\/denominacions-oficials-benassal\/","title":{"rendered":"Denominacions oficials: Benassal"},"content":{"rendered":"<p>El municipi de Benassal (Maestrat) ha fixat la forma oficial del seu nom (<span class=\"versaleta\"><em>docv<\/em><\/span>, 11.05.2015; <span class=\"versaleta\"><a href=\"http:\/\/www.docv.gva.es\/datos\/2015\/05\/11\/pdf\/2015_4241.pdf\" target=\"_blank\">[pdf]<\/a><\/span>):<\/p>\n<blockquote><p>Decret 59\/2015, de 8 de maig, del Consell, pel qual s\u2019aprova el canvi de denominaci\u00f3 del municipi de Benasal per la forma exclusiva en valenci\u00e0 de Benassal. <span class=\"versaleta\"><a href=\"http:\/\/www.docv.gva.es\/datos\/2015\/05\/11\/pdf\/2015_4241.pdf\" target=\"_blank\">[pdf]<\/a><\/span><\/p><\/blockquote>\n<p>M\u00e9s denominacions oficials en: <a href=\"http:\/\/www.cdlpv.org\/fitxes\/municipis-i-comarques-del-pais-valencia\/\" target=\"_blank\">Municipis i comarques (PV)<\/a>.<\/p>\n","protected":false},"excerpt":{"rendered":"<p>El municipi de Benassal (Maestrat) ha fixat la forma oficial del seu nom (docv, 11.05.2015; [pdf]): Decret 59\/2015, de 8 de maig, del Consell, pel qual s\u2019aprova el canvi de denominaci\u00f3 del municipi de Benasal per la forma exclusiva en valenci\u00e0 de Benassal. [pdf] M\u00e9s denominacions oficials en: Municipis i comarques (PV).<\/p>\n","protected":false},"author":2,"featured_media":0,"comment_status":"open","ping_status":"open","sticky":false,"template":"","format":"standard","meta":{"footnotes":""},"categories":[32],"tags":[50,372],"class_list":["post-2871","post","type-post","status-publish","format-standard","hentry","category-toponimia","tag-administracio-local","tag-pobles"],"_links":{"self":[{"href":"https:\/\/www.cdlpv.org\/dtl\/wp-json\/wp\/v2\/posts\/2871","targetHints":{"allow":["GET"]}}],"collection":[{"href":"https:\/\/www.cdlpv.org\/dtl\/wp-json\/wp\/v2\/posts"}],"about":[{"href":"https:\/\/www.cdlpv.org\/dtl\/wp-json\/wp\/v2\/types\/post"}],"author":[{"embeddable":true,"href":"https:\/\/www.cdlpv.org\/dtl\/wp-json\/wp\/v2\/users\/2"}],"replies":[{"embeddable":true,"href":"https:\/\/www.cdlpv.org\/dtl\/wp-json\/wp\/v2\/comments?post=2871"}],"version-history":[{"count":4,"href":"https:\/\/www.cdlpv.org\/dtl\/wp-json\/wp\/v2\/posts\/2871\/revisions"}],"predecessor-version":[{"id":2966,"href":"https:\/\/www.cdlpv.org\/dtl\/wp-json\/wp\/v2\/posts\/2871\/revisions\/2966"}],"wp:attachment":[{"href":"https:\/\/www.cdlpv.org\/dtl\/wp-json\/wp\/v2\/media?parent=2871"}],"wp:term":[{"taxonomy":"category","embeddable":true,"href":"https:\/\/www.cdlpv.org\/dtl\/wp-json\/wp\/v2\/categories?post=2871"},{"taxonomy":"post_tag","embeddable":true,"href":"https:\/\/www.cdlpv.org\/dtl\/wp-json\/wp\/v2\/tags?post=2871"}],"curies":[{"name":"wp","href":"https:\/\/api.w.org\/{rel}","templated":true}]}}