{"id":287,"date":"2008-01-16T10:10:38","date_gmt":"2008-01-16T09:10:38","guid":{"rendered":"http:\/\/www.cdlpv.org\/dtl\/?p=287"},"modified":"2008-01-16T10:10:38","modified_gmt":"2008-01-16T09:10:38","slug":"tecnic-auxiliar-de-promocio-linguistica-a-paterna","status":"publish","type":"post","link":"https:\/\/www.cdlpv.org\/dtl\/2008\/01\/16\/tecnic-auxiliar-de-promocio-linguistica-a-paterna\/","title":{"rendered":"T\u00e8cnic\/ca auxiliar de promoci\u00f3 ling\u00fc\u00edstica a Paterna"},"content":{"rendered":"<p>El <span class=\"versaleta\">cidaj<\/span> ens fa arribar la informaci\u00f3 seg\u00fcent:<\/p>\n<blockquote>\n<ul>\n<li>Ajuntament de Paterna. Oferta d&#8217;ocupaci\u00f3 p\u00fablica per a l&#8217;exercici de 2007. [2008\/121] (<span class=\"versaleta\"><em>docv<\/em><\/span> n\u00fam. 5&nbsp;676, de 09.01.2008)<br \/>\n<a href=\"http:\/\/www.pre.gva.es\/L\/BASIS\/BDLGVPU\/WEB\/LEV_LISTADOS_TEXTO\/DDW?W%3DSIGNATURA_N=212+AND+SIGNATURA_A=2008%26R%3DN\" target=\"_blank\">&#8211; vegeu text<\/a><\/li>\n<ul><\/blockquote>\n<p>En concret:<\/p>\n<blockquote><p>\nOferta d&#8217;ocupaci\u00f3 p\u00fablica per a l&#8217;exercici de 2007. [2008\/121]\n<p>La Junta de Govern Local d&#8217;este ajuntament, en sessi\u00f3 celebrada en data 14 de desembre de 2007, va adoptar l&#8217;acord pel qual es va aprovar l&#8217;oferta d&#8217;ocupaci\u00f3 p\u00fablica per a l&#8217;exercici 2007, en els termes seg\u00fcents:<\/p>\n<p>Funcionaris<br \/>\n1. Una pla\u00e7a d&#8217;arque\u00f2leg, escala administraci\u00f3 especial, subescala t\u00e8cnica, classe superior, grup A1.<br \/>\n<strong>2. Una pla\u00e7a de t\u00e8cnic auxiliar de promoci\u00f3 ling\u00fc\u00edstica, escala administraci\u00f3 especial, subescala t\u00e8cnica, classe auxiliar, grup C1.<\/strong><br \/>\n3. Tres places d&#8217;auxiliar administratiu, escala administraci\u00f3 general, subescala auxiliar, classe auxiliar, grup C2.<br \/>\n4. Una pla\u00e7a d&#8217;oficial de manteniment, escala administraci\u00f3 especial, subescala serveis especials, classe personal d&#8217;oficis, grup C2.<br \/>\n5. Una pla\u00e7a de conductor, escala administraci\u00f3 especial, subescala serveis especials, classe personal d&#8217;oficis, grup C2.<br \/>\n6. Una pla\u00e7a d&#8217;operari de manteniment, escala administraci\u00f3 especial, subescala serveis especials, classe personal d&#8217;oficis, grup E.<br \/>\n7. Quatre places d&#8217;operari de manteniment d&#8217;instal\u00b7lacions esportives, escala administraci\u00f3 especial, subescala serveis especials, classe personal d&#8217;oficis, grup E.<\/p>\n<p>Ho fem p\u00fablic perqu\u00e8 en prengueu coneixement i tinga els efectes que pertoquen.<\/p>\n<p>Paterna, 19 de desembre de 2007.- L&#8217;alcalde: Lorenzo Agust\u00ed Pons.\n<\/p><\/blockquote>\n","protected":false},"excerpt":{"rendered":"<p>El cidaj ens fa arribar la informaci\u00f3 seg\u00fcent: Ajuntament de Paterna. Oferta d&#8217;ocupaci\u00f3 p\u00fablica per a l&#8217;exercici de 2007. [2008\/121] (docv n\u00fam. 5&nbsp;676, de 09.01.2008) &#8211; vegeu text En concret: Oferta d&#8217;ocupaci\u00f3 p\u00fablica per a l&#8217;exercici de 2007. [2008\/121] La Junta de Govern Local d&#8217;este ajuntament, en sessi\u00f3 celebrada en data 14 de desembre de [&hellip;]<\/p>\n","protected":false},"author":2,"featured_media":0,"comment_status":"open","ping_status":"open","sticky":false,"template":"","format":"standard","meta":{"footnotes":""},"categories":[1,15,18,26],"tags":[334,341,358,389],"class_list":["post-287","post","type-post","status-publish","format-standard","hentry","category-general","category-laboral","category-oposicions","category-serveis-linguistics","tag-ofertes","tag-oposicions","tag-paterna","tag-promocio-linguistica"],"_links":{"self":[{"href":"https:\/\/www.cdlpv.org\/dtl\/wp-json\/wp\/v2\/posts\/287","targetHints":{"allow":["GET"]}}],"collection":[{"href":"https:\/\/www.cdlpv.org\/dtl\/wp-json\/wp\/v2\/posts"}],"about":[{"href":"https:\/\/www.cdlpv.org\/dtl\/wp-json\/wp\/v2\/types\/post"}],"author":[{"embeddable":true,"href":"https:\/\/www.cdlpv.org\/dtl\/wp-json\/wp\/v2\/users\/2"}],"replies":[{"embeddable":true,"href":"https:\/\/www.cdlpv.org\/dtl\/wp-json\/wp\/v2\/comments?post=287"}],"version-history":[{"count":0,"href":"https:\/\/www.cdlpv.org\/dtl\/wp-json\/wp\/v2\/posts\/287\/revisions"}],"wp:attachment":[{"href":"https:\/\/www.cdlpv.org\/dtl\/wp-json\/wp\/v2\/media?parent=287"}],"wp:term":[{"taxonomy":"category","embeddable":true,"href":"https:\/\/www.cdlpv.org\/dtl\/wp-json\/wp\/v2\/categories?post=287"},{"taxonomy":"post_tag","embeddable":true,"href":"https:\/\/www.cdlpv.org\/dtl\/wp-json\/wp\/v2\/tags?post=287"}],"curies":[{"name":"wp","href":"https:\/\/api.w.org\/{rel}","templated":true}]}}