{"id":2869,"date":"2015-02-16T11:21:45","date_gmt":"2015-02-16T11:21:45","guid":{"rendered":"http:\/\/www.cdlpv.org\/dtl\/?p=2869"},"modified":"2016-05-19T11:46:10","modified_gmt":"2016-05-19T09:46:10","slug":"denominacions-oficials-les-alqueries","status":"publish","type":"post","link":"https:\/\/www.cdlpv.org\/dtl\/2015\/02\/16\/denominacions-oficials-les-alqueries\/","title":{"rendered":"Denominacions oficials: les Alqueries"},"content":{"rendered":"<p>El municipi de les Alqueries (Plana Baixa) ha fixat la forma oficial del seu nom (<span class=\"versaleta\"><em>docv<\/em><\/span>, <a href=\"http:\/\/www.docv.gva.es\/datos\/2015\/02\/16\/pdf\/2015_1294.pdf\" target=\"_blank\">16.02.2015<\/a>):<\/p>\n<blockquote><p>Decret 18\/2015, de 13 de febrer, del Consell, pel qual aprova el canvi de denominaci\u00f3 del municipi de Alquer\u00edas del Ni\u00f1o Perdido per la forma biling\u00fce, en valenci\u00e0 i en castell\u00e0, de les Alqueries\/Alquer\u00edas del Ni\u00f1o Perdido. <span class=\"versaleta\"><a href=\"http:\/\/www.docv.gva.es\/datos\/2015\/02\/16\/pdf\/2015_1294.pdf\" target=\"_blank\">[pdf]<\/a><\/span><\/p><\/blockquote>\n<p>M\u00e9s denominacions oficials en: <a href=\"http:\/\/www.cdlpv.org\/fitxes\/municipis-i-comarques-del-pais-valencia\/\">Municipis i comarques (PV)<\/a>.<\/p>\n","protected":false},"excerpt":{"rendered":"<p>El municipi de les Alqueries (Plana Baixa) ha fixat la forma oficial del seu nom (docv, 16.02.2015): Decret 18\/2015, de 13 de febrer, del Consell, pel qual aprova el canvi de denominaci\u00f3 del municipi de Alquer\u00edas del Ni\u00f1o Perdido per la forma biling\u00fce, en valenci\u00e0 i en castell\u00e0, de les Alqueries\/Alquer\u00edas del Ni\u00f1o Perdido. [pdf] [&hellip;]<\/p>\n","protected":false},"author":2,"featured_media":0,"comment_status":"open","ping_status":"open","sticky":false,"template":"","format":"standard","meta":{"footnotes":""},"categories":[32],"tags":[50,372],"class_list":["post-2869","post","type-post","status-publish","format-standard","hentry","category-toponimia","tag-administracio-local","tag-pobles"],"_links":{"self":[{"href":"https:\/\/www.cdlpv.org\/dtl\/wp-json\/wp\/v2\/posts\/2869","targetHints":{"allow":["GET"]}}],"collection":[{"href":"https:\/\/www.cdlpv.org\/dtl\/wp-json\/wp\/v2\/posts"}],"about":[{"href":"https:\/\/www.cdlpv.org\/dtl\/wp-json\/wp\/v2\/types\/post"}],"author":[{"embeddable":true,"href":"https:\/\/www.cdlpv.org\/dtl\/wp-json\/wp\/v2\/users\/2"}],"replies":[{"embeddable":true,"href":"https:\/\/www.cdlpv.org\/dtl\/wp-json\/wp\/v2\/comments?post=2869"}],"version-history":[{"count":5,"href":"https:\/\/www.cdlpv.org\/dtl\/wp-json\/wp\/v2\/posts\/2869\/revisions"}],"predecessor-version":[{"id":2967,"href":"https:\/\/www.cdlpv.org\/dtl\/wp-json\/wp\/v2\/posts\/2869\/revisions\/2967"}],"wp:attachment":[{"href":"https:\/\/www.cdlpv.org\/dtl\/wp-json\/wp\/v2\/media?parent=2869"}],"wp:term":[{"taxonomy":"category","embeddable":true,"href":"https:\/\/www.cdlpv.org\/dtl\/wp-json\/wp\/v2\/categories?post=2869"},{"taxonomy":"post_tag","embeddable":true,"href":"https:\/\/www.cdlpv.org\/dtl\/wp-json\/wp\/v2\/tags?post=2869"}],"curies":[{"name":"wp","href":"https:\/\/api.w.org\/{rel}","templated":true}]}}