{"id":2866,"date":"2014-12-26T11:21:04","date_gmt":"2014-12-26T11:21:04","guid":{"rendered":"http:\/\/www.cdlpv.org\/dtl\/?p=2866"},"modified":"2015-09-23T11:31:55","modified_gmt":"2015-09-23T11:31:55","slug":"denominacions-oficials-latzubia","status":"publish","type":"post","link":"https:\/\/www.cdlpv.org\/dtl\/2014\/12\/26\/denominacions-oficials-latzubia\/","title":{"rendered":"Denominacions oficials: l&#8217;Atz\u00fabia"},"content":{"rendered":"<p>El municipi de l&#8217;Atz\u00fabia (Marina) ha fixat la forma oficial del seu nom (<span class=\"versaleta\"><em>docv<\/em><\/span>, 22.12.2014):<\/p>\n<blockquote><p>DECRET 221\/2014, de 19 de desembre, del Consell, pel qual s&#8217;aprova el canvi de denominaci\u00f3 del municipi d&#8217;Adsubia per la forma exclusiva en valenci\u00e0 de l&#8217;Atz\u00fabia. <span class=\"versaleta\"><a href=\"http:\/\/www.docv.gva.es\/datos\/2014\/12\/22\/pdf\/2014_11663.pdf\" target=\"_blank\">[pdf]<\/a><\/span><\/p><\/blockquote>\n<p>M\u00e9s denominacions oficials en: <a href=\"http:\/\/www.einesdellengua.com\/Fitxes\/Textos\/P\/pobles.htm\" target=\"_blank\">Municipis i comarques (PV)<\/a>.<\/p>\n","protected":false},"excerpt":{"rendered":"<p>El municipi de l&#8217;Atz\u00fabia (Marina) ha fixat la forma oficial del seu nom (docv, 22.12.2014): DECRET 221\/2014, de 19 de desembre, del Consell, pel qual s&#8217;aprova el canvi de denominaci\u00f3 del municipi d&#8217;Adsubia per la forma exclusiva en valenci\u00e0 de l&#8217;Atz\u00fabia. [pdf] M\u00e9s denominacions oficials en: Municipis i comarques (PV).<\/p>\n","protected":false},"author":2,"featured_media":0,"comment_status":"open","ping_status":"open","sticky":false,"template":"","format":"standard","meta":{"footnotes":""},"categories":[32],"tags":[50,372],"class_list":["post-2866","post","type-post","status-publish","format-standard","hentry","category-toponimia","tag-administracio-local","tag-pobles"],"_links":{"self":[{"href":"https:\/\/www.cdlpv.org\/dtl\/wp-json\/wp\/v2\/posts\/2866","targetHints":{"allow":["GET"]}}],"collection":[{"href":"https:\/\/www.cdlpv.org\/dtl\/wp-json\/wp\/v2\/posts"}],"about":[{"href":"https:\/\/www.cdlpv.org\/dtl\/wp-json\/wp\/v2\/types\/post"}],"author":[{"embeddable":true,"href":"https:\/\/www.cdlpv.org\/dtl\/wp-json\/wp\/v2\/users\/2"}],"replies":[{"embeddable":true,"href":"https:\/\/www.cdlpv.org\/dtl\/wp-json\/wp\/v2\/comments?post=2866"}],"version-history":[{"count":4,"href":"https:\/\/www.cdlpv.org\/dtl\/wp-json\/wp\/v2\/posts\/2866\/revisions"}],"predecessor-version":[{"id":2876,"href":"https:\/\/www.cdlpv.org\/dtl\/wp-json\/wp\/v2\/posts\/2866\/revisions\/2876"}],"wp:attachment":[{"href":"https:\/\/www.cdlpv.org\/dtl\/wp-json\/wp\/v2\/media?parent=2866"}],"wp:term":[{"taxonomy":"category","embeddable":true,"href":"https:\/\/www.cdlpv.org\/dtl\/wp-json\/wp\/v2\/categories?post=2866"},{"taxonomy":"post_tag","embeddable":true,"href":"https:\/\/www.cdlpv.org\/dtl\/wp-json\/wp\/v2\/tags?post=2866"}],"curies":[{"name":"wp","href":"https:\/\/api.w.org\/{rel}","templated":true}]}}