{"id":2864,"date":"2014-08-05T11:18:47","date_gmt":"2014-08-05T11:18:47","guid":{"rendered":"http:\/\/www.cdlpv.org\/dtl\/?p=2864"},"modified":"2015-09-23T11:20:02","modified_gmt":"2015-09-23T11:20:02","slug":"denominacions-oficials-vistabella-del-maestrat","status":"publish","type":"post","link":"https:\/\/www.cdlpv.org\/dtl\/2014\/08\/05\/denominacions-oficials-vistabella-del-maestrat\/","title":{"rendered":"Denominacions oficials: Vistabella del Maestrat"},"content":{"rendered":"<p>El municipi de Vistabella del Maestrat (Alcalat\u00e9n) ha fixat la forma oficial del seu nom (<span class=\"versaleta\"><em>docv<\/em><\/span>, 04.08.2014):<\/p>\n<blockquote><p>DECRET 130\/2014, d\u20191 d\u2019agost, del Consell, pel qual s\u2019aprova el canvi de denominaci\u00f3 del municipi de Vistabella del Maestrazgo per la forma exclusiva en valenci\u00e0 de Vistabella del Maestrat. <a href=\"http:\/\/www.docv.gva.es\/datos\/2014\/08\/04\/pdf\/2014_7442.pdf\" target=\"_blank\"><span class=\"versaleta\">[pdf]<\/span><\/a><\/p><\/blockquote>\n<p>M\u00e9s denominacions oficials en: <a href=\"http:\/\/www.einesdellengua.com\/Fitxes\/Textos\/P\/pobles.htm\" target=\"_blank\">Municipis i comarques (PV)<\/a>.<\/p>\n","protected":false},"excerpt":{"rendered":"<p>El municipi de Vistabella del Maestrat (Alcalat\u00e9n) ha fixat la forma oficial del seu nom (docv, 04.08.2014): DECRET 130\/2014, d\u20191 d\u2019agost, del Consell, pel qual s\u2019aprova el canvi de denominaci\u00f3 del municipi de Vistabella del Maestrazgo per la forma exclusiva en valenci\u00e0 de Vistabella del Maestrat. [pdf] M\u00e9s denominacions oficials en: Municipis i comarques (PV).<\/p>\n","protected":false},"author":2,"featured_media":0,"comment_status":"open","ping_status":"open","sticky":false,"template":"","format":"standard","meta":{"footnotes":""},"categories":[32],"tags":[50,372],"class_list":["post-2864","post","type-post","status-publish","format-standard","hentry","category-toponimia","tag-administracio-local","tag-pobles"],"_links":{"self":[{"href":"https:\/\/www.cdlpv.org\/dtl\/wp-json\/wp\/v2\/posts\/2864","targetHints":{"allow":["GET"]}}],"collection":[{"href":"https:\/\/www.cdlpv.org\/dtl\/wp-json\/wp\/v2\/posts"}],"about":[{"href":"https:\/\/www.cdlpv.org\/dtl\/wp-json\/wp\/v2\/types\/post"}],"author":[{"embeddable":true,"href":"https:\/\/www.cdlpv.org\/dtl\/wp-json\/wp\/v2\/users\/2"}],"replies":[{"embeddable":true,"href":"https:\/\/www.cdlpv.org\/dtl\/wp-json\/wp\/v2\/comments?post=2864"}],"version-history":[{"count":1,"href":"https:\/\/www.cdlpv.org\/dtl\/wp-json\/wp\/v2\/posts\/2864\/revisions"}],"predecessor-version":[{"id":2865,"href":"https:\/\/www.cdlpv.org\/dtl\/wp-json\/wp\/v2\/posts\/2864\/revisions\/2865"}],"wp:attachment":[{"href":"https:\/\/www.cdlpv.org\/dtl\/wp-json\/wp\/v2\/media?parent=2864"}],"wp:term":[{"taxonomy":"category","embeddable":true,"href":"https:\/\/www.cdlpv.org\/dtl\/wp-json\/wp\/v2\/categories?post=2864"},{"taxonomy":"post_tag","embeddable":true,"href":"https:\/\/www.cdlpv.org\/dtl\/wp-json\/wp\/v2\/tags?post=2864"}],"curies":[{"name":"wp","href":"https:\/\/api.w.org\/{rel}","templated":true}]}}