{"id":2854,"date":"2014-04-25T20:30:08","date_gmt":"2014-04-25T20:30:08","guid":{"rendered":"http:\/\/www.cdlpv.org\/dtl\/?p=2854"},"modified":"2015-09-23T10:39:32","modified_gmt":"2015-09-23T10:39:32","slug":"lus-linguistic-en-les-pimes-de-catalunya","status":"publish","type":"post","link":"https:\/\/www.cdlpv.org\/dtl\/2014\/04\/25\/lus-linguistic-en-les-pimes-de-catalunya\/","title":{"rendered":"L&#8217;\u00fas ling\u00fc\u00edstic en les pimes de Catalunya"},"content":{"rendered":"<p>La Direcci\u00f3 General de Pol\u00edtica Ling\u00fc\u00edstica de la Generalitat de Catalunya ha elaborat, conjuntament amb <span class=\"versaleta\">pimec<\/span>, un <a href=\"http:\/\/premsa.gencat.cat\/pres_fsvp\/AppJava\/notapremsavw\/detall.do?id=204829\" target=\"_blank\">informe<\/a> sobre l&#8217;\u00fas de la llengua en el sector de les pimes:<\/p>\n<blockquote><p>El catal\u00e0 \u00e9s la llengua predominant a les petites i mitjanes empreses catalanes, ja que gaireb\u00e9 el 70 % de la comunicaci\u00f3 en aquestes empreses es fa en aquesta llengua. Tot i aix\u00ed, quan les comunicacions s\u00f3n amb persones externes a l\u2019empresa, el percentatge baixa a favor d\u2019altres lleng\u00fces; 57,17&nbsp;% quan \u00e9s amb els clients i 57,94&nbsp;%, amb els prove\u00efdors.<\/p>\n<p>L\u2019estudi, publicat a la co&#320;lecci\u00f3 Biblioteca T\u00e8cnica de Pol\u00edtica Ling\u00fc\u00edstica <span class=\"versaleta\">(btpl)<\/span> es va presentar el mes d\u2019abril en el marc de la jornada \u00abLa import\u00e0ncia de l&#8217;\u00fas del catal\u00e0 a la teva empresa\u00bb, que es va fer a la seu de <span class=\"versaleta\">pimec<\/span> a Barcelona.<\/p>\n<table>\n<tbody>\n<tr>\n<td colspan=\"7\" width=\"476\">\n<p style=\"text-align: center;\"><strong>\u00das del catal\u00e0 a l\u2019empresa, i amb clients i prove\u00efdors catalanoparlants<\/strong><\/p>\n<\/td>\n<\/tr>\n<tr>\n<td><\/td>\n<td><strong>Total Catalunya<\/strong><\/td>\n<td><strong>Barcelona<\/strong><\/td>\n<td><strong>Cat. Central<\/strong><\/td>\n<td><strong>Girona<\/strong><\/td>\n<td><strong>Lleida<\/strong><\/td>\n<td><strong>Tarragona<\/strong><\/td>\n<\/tr>\n<tr>\n<td>General<\/td>\n<td>69,68%<\/td>\n<td>62,68%<\/td>\n<td>82,23%<\/td>\n<td>85,04%<\/td>\n<td>77,70%<\/td>\n<td>68,77%<\/td>\n<\/tr>\n<tr>\n<td>Clients<\/td>\n<td>57,17%<\/td>\n<td>50,04%<\/td>\n<td>66,41%<\/td>\n<td>68,32%<\/td>\n<td>75,43%<\/td>\n<td>54,70%<\/td>\n<\/tr>\n<tr>\n<td>Prove\u00efdors<\/td>\n<td>57,94%<\/td>\n<td>53,12%<\/td>\n<td>66,96%<\/td>\n<td>64,74%<\/td>\n<td>67,77%<\/td>\n<td>\n<p style=\"text-align: center;\">54,54%<\/p>\n<\/td>\n<\/tr>\n<\/tbody>\n<\/table>\n<p>&#8211; Document: \u00abL\u2019\u00fas habitual del catal\u00e0 a les pimes\u00bb <a href=\"http:\/\/www20.gencat.cat\/docs\/Llengcat\/Documents\/Publicacions\/BTPL\/arxius\/10_Uscatalapimes.pdf\" target=\"_blank\"><span class=\"versaleta\">[pdf]<\/span><\/a><\/p><\/blockquote>\n<p>Al Pa\u00eds Valenci\u00e0 tenim el silenci estad\u00edstic de la Generalitat valenciana sobre la q\u00fcesti\u00f3.<\/p>\n","protected":false},"excerpt":{"rendered":"<p>La Direcci\u00f3 General de Pol\u00edtica Ling\u00fc\u00edstica de la Generalitat de Catalunya ha elaborat, conjuntament amb pimec, un informe sobre l&#8217;\u00fas de la llengua en el sector de les pimes: El catal\u00e0 \u00e9s la llengua predominant a les petites i mitjanes empreses catalanes, ja que gaireb\u00e9 el 70 % de la comunicaci\u00f3 en aquestes empreses es [&hellip;]<\/p>\n","protected":false},"author":2,"featured_media":0,"comment_status":"open","ping_status":"open","sticky":false,"template":"","format":"standard","meta":{"footnotes":""},"categories":[3,7,27],"tags":[189],"class_list":["post-2854","post","type-post","status-publish","format-standard","hentry","category-documentacio","category-empreses","category-sociolinguistica","tag-estadistiques"],"_links":{"self":[{"href":"https:\/\/www.cdlpv.org\/dtl\/wp-json\/wp\/v2\/posts\/2854","targetHints":{"allow":["GET"]}}],"collection":[{"href":"https:\/\/www.cdlpv.org\/dtl\/wp-json\/wp\/v2\/posts"}],"about":[{"href":"https:\/\/www.cdlpv.org\/dtl\/wp-json\/wp\/v2\/types\/post"}],"author":[{"embeddable":true,"href":"https:\/\/www.cdlpv.org\/dtl\/wp-json\/wp\/v2\/users\/2"}],"replies":[{"embeddable":true,"href":"https:\/\/www.cdlpv.org\/dtl\/wp-json\/wp\/v2\/comments?post=2854"}],"version-history":[{"count":2,"href":"https:\/\/www.cdlpv.org\/dtl\/wp-json\/wp\/v2\/posts\/2854\/revisions"}],"predecessor-version":[{"id":2856,"href":"https:\/\/www.cdlpv.org\/dtl\/wp-json\/wp\/v2\/posts\/2854\/revisions\/2856"}],"wp:attachment":[{"href":"https:\/\/www.cdlpv.org\/dtl\/wp-json\/wp\/v2\/media?parent=2854"}],"wp:term":[{"taxonomy":"category","embeddable":true,"href":"https:\/\/www.cdlpv.org\/dtl\/wp-json\/wp\/v2\/categories?post=2854"},{"taxonomy":"post_tag","embeddable":true,"href":"https:\/\/www.cdlpv.org\/dtl\/wp-json\/wp\/v2\/tags?post=2854"}],"curies":[{"name":"wp","href":"https:\/\/api.w.org\/{rel}","templated":true}]}}